{"id":12789,"date":"2015-01-16T12:35:53","date_gmt":"2015-01-16T18:35:53","guid":{"rendered":"https:\/\/radiowebmx.com\/nota\/?p=12789"},"modified":"2015-01-16T12:35:53","modified_gmt":"2015-01-16T18:35:53","slug":"cabildo-aprueba-exclusion-de-p-c-y-bomberos-del-mando-unificado","status":"publish","type":"post","link":"https:\/\/radiowebmx.com\/nota\/cabildo-aprueba-exclusion-de-p-c-y-bomberos-del-mando-unificado\/","title":{"rendered":"CABILDO APRUEBA EXCLUSI\u00d3N DE P.C Y BOMBEROS DEL MANDO UNIFICADO"},"content":{"rendered":"<p>De manera un\u00e1nime, esta noche el Cabildo moreliano aprob\u00f3 el acuerdo por el que se excluye a la Direcci\u00f3n de Protecci\u00f3n Civil y Bomberos municipales del Convenio del Mando Unificado Policial del estado de Michoac\u00e1n.<\/p>\n<p>&nbsp;<\/p>\n<p>El edil moreliano Wilfrido L\u00e1zaro Medina, una vez aprobado el acuerdo, se\u00f1al\u00f3 que el di\u00e1logo que se estableci\u00f3 con el Mando Unificado Policial de Michoac\u00e1n permiti\u00f3 que la exclusi\u00f3n se llevara en buenos t\u00e9rminos.<\/p>\n<p>&nbsp;<\/p>\n<p>Reconoci\u00f3 la voluntad de todo el Cabildo que as\u00ed como aprob\u00f3 por unanimidad la adhesi\u00f3n al Mando Unificado hoy decidi\u00f3 reincorporarlos a la administraci\u00f3n municipal por unanimidad tambi\u00e9n; \u201cexpresamos nuestro reconocimiento al Comisionado para la Seguridad y Desarrollo de Michoac\u00e1n, Alfredo Castillo Cervantes, porque intervino ante el gobierno del estado para su reincorporaci\u00f3n al gobierno municipal\u201d, a\u00f1adi\u00f3.<\/p>\n<p>&nbsp;<\/p>\n<p>El punto de acuerdo se\u00f1ala que el Cabildo autoriza al presidente Wilfrido L\u00e1zaro Medina y al s\u00edndico Salvador Abud Mirabent para que firmen el convenio modificatorio que refleje fielmente las modificaciones del clausulado que resulten necesarias a partir de la exclusi\u00f3n de la Coordinaci\u00f3n Municipal de Protecci\u00f3n Civil y Bomberos de Morelia del Convenio del Mando Unificado policial del estado de Michoac\u00e1n de Ocampo.<\/p>\n<p>&nbsp;<\/p>\n<p>De la misma forma, instruye al tesorero municipal para que en el \u00e1mbito de su competencia prevea y vigile que no se lleve a cabo la transferencia del recurso econ\u00f3mico de la mencionada coordinaci\u00f3n al gobierno del estado.<\/p>\n<p>&nbsp;<\/p>\n<p>Indica que en lo subsiguiente la Coordinaci\u00f3n se regir\u00e1 exclusivamente por el \u00e1mbito municipal sin que ello represente un impedimento para cooperar y coadyuvar en otras \u00e1reas, instancias o autoridades cuando las circunstancias as\u00ed lo ameriten.<\/p>\n<p>&nbsp;<\/p>\n<p>Los Regidores coincidieron en se\u00f1alar que con la aprobaci\u00f3n de este acuerdo el Cabildo da un paso hac\u00eda el respeto a la ley y se recupera la oportunidad de seguir fortaleciendo el primer nivel de respuesta a los ciudadanos en \u00e1reas tan sensibles como la Protecci\u00f3n Civil.<\/p>\n<p>&nbsp;<\/p>\n<p>Durante la sesi\u00f3n ordinaria tambi\u00e9n otorgaron licencia temporal por 60 d\u00edas al Regidor Cuauhtli Yered Guzm\u00e1n Espitia y en asuntos generales se recibi\u00f3 y autoriz\u00f3 la solicitud de licencia de la Regidora Martha Patricia Garibay Medina.<\/p>\n<p>&nbsp;<\/p>\n<p>Al t\u00e9rmino de esta sesi\u00f3n extraordinaria, el Presidente Wilfrido L\u00e1zaro recibi\u00f3 y escuch\u00f3 a los quejosos de algunas asociaciones protectoras de animales, a quienes ofreci\u00f3 una reuni\u00f3n el d\u00eda de ma\u00f1ana para escuchar sus peticiones.<\/p>\n","protected":false},"excerpt":{"rendered":"<p>De manera un\u00e1nime, esta noche el Cabildo moreliano aprob\u00f3 el acuerdo por el que se excluye a la Direcci\u00f3n de Protecci\u00f3n Civil y Bomberos municipales del Convenio del Mando Unificado Policial del estado de Michoac\u00e1n.<\/p>\n","protected":false},"author":1,"featured_media":12790,"comment_status":"open","ping_status":"open","sticky":false,"template":"","format":"standard","meta":{"footnotes":""},"categories":[14,9],"tags":[],"class_list":["post-12789","post","type-post","status-publish","format-standard","has-post-thumbnail","hentry","category-destacadas","category-morelia"],"_links":{"self":[{"href":"https:\/\/radiowebmx.com\/nota\/wp-json\/wp\/v2\/posts\/12789","targetHints":{"allow":["GET"]}}],"collection":[{"href":"https:\/\/radiowebmx.com\/nota\/wp-json\/wp\/v2\/posts"}],"about":[{"href":"https:\/\/radiowebmx.com\/nota\/wp-json\/wp\/v2\/types\/post"}],"author":[{"embeddable":true,"href":"https:\/\/radiowebmx.com\/nota\/wp-json\/wp\/v2\/users\/1"}],"replies":[{"embeddable":true,"href":"https:\/\/radiowebmx.com\/nota\/wp-json\/wp\/v2\/comments?post=12789"}],"version-history":[{"count":2,"href":"https:\/\/radiowebmx.com\/nota\/wp-json\/wp\/v2\/posts\/12789\/revisions"}],"predecessor-version":[{"id":12792,"href":"https:\/\/radiowebmx.com\/nota\/wp-json\/wp\/v2\/posts\/12789\/revisions\/12792"}],"wp:featuredmedia":[{"embeddable":true,"href":"https:\/\/radiowebmx.com\/nota\/wp-json\/wp\/v2\/media\/12790"}],"wp:attachment":[{"href":"https:\/\/radiowebmx.com\/nota\/wp-json\/wp\/v2\/media?parent=12789"}],"wp:term":[{"taxonomy":"category","embeddable":true,"href":"https:\/\/radiowebmx.com\/nota\/wp-json\/wp\/v2\/categories?post=12789"},{"taxonomy":"post_tag","embeddable":true,"href":"https:\/\/radiowebmx.com\/nota\/wp-json\/wp\/v2\/tags?post=12789"}],"curies":[{"name":"wp","href":"https:\/\/api.w.org\/{rel}","templated":true}]}}