{"id":1277,"date":"2013-02-12T12:06:05","date_gmt":"2013-02-12T18:06:05","guid":{"rendered":"https:\/\/radiowebmx.com\/nota\/?p=1277"},"modified":"2013-02-12T12:19:01","modified_gmt":"2013-02-12T18:19:01","slug":"cofeeem-anuncia-tradicional-feria-de-santa-ana-maya-2013","status":"publish","type":"post","link":"https:\/\/radiowebmx.com\/nota\/cofeeem-anuncia-tradicional-feria-de-santa-ana-maya-2013\/","title":{"rendered":"COFEEEM ANUNCIA TRADICIONAL FERIA DE SANTA ANA MAYA 2013"},"content":{"rendered":"<p><img loading=\"lazy\" decoding=\"async\" class=\"alignleft  wp-image-1283\" title=\"DSC_0538\" src=\"https:\/\/radiowebmx.com\/nota\/wp-content\/uploads\/2013\/02\/DSC_05381.jpg\" alt=\"\" width=\"642\" height=\"362\" \/>Jos\u00e9 Manuel Romero Navarro, director general de la Comisi\u00f3n de Ferias Exposiciones y Eventos del estado (Cofeeem), anunci\u00f3 que este municipio michoacano dar\u00e1 una muestra de su riqueza, adem\u00e1s de invitar a otros municipios para que participen con sus tradiciones.<\/p>\n<p>Los municipios que estar\u00e1n presentes son Morelia con piezas que se encuentran en la Casa de las Artesan\u00edas, Quiroga con una muestra de arte en madera, Indaparapeo ofrecer\u00e1 su tradicional pulque, Quer\u00e9ndaro su mole, Huandacareo exhibir\u00e1 manualidades hechas con carrizo, Tlalpujahua presentar\u00e1 sus esferas de cristal soplado y su cantera; asimismo participar\u00e1 el estado de Guanajuato, con la presencia de Morole\u00f3n y Uriangato, mismos que tendr\u00e1n un espacio para exponer los art\u00edculos emblem\u00e1ticos de su regi\u00f3n.<\/p>\n<p>Romero Navarro resalt\u00f3 el esfuerzo conjunto de las diferentes dependencias como Secretar\u00eda de Turismo y la Casa de las Artesan\u00edas, que se suman a estos eventos para coadyuvar con lo necesario en organizaci\u00f3n, seguridad y oferta de servicios hacia los asistentes.<\/p>\n<p>Es de resaltar que durante la Feria de Santa Ana Maya 2013, la Secretar\u00eda del Migrante tendr\u00e1 un m\u00f3dulo de atenci\u00f3n para los connacionales que asistan a esta tradicional fiesta\u00a0 y que deseen alg\u00fan tipo de asesor\u00eda o ayuda.<\/p>\n<p>Tambi\u00e9n participar\u00e1 el Zool\u00f3gico de Morelia con una exposici\u00f3n de animales disecados con sus fichas t\u00e9cnicas para el conocimiento de las diferentes especies con las que cuenta esta instituci\u00f3n.<\/p>\n<p>Por otra parte, el Planetario de Morelia instalar\u00e1 un par de telescopios para observar los planetas, al igual que una exposici\u00f3n did\u00e1ctica para impartir pl\u00e1ticas con el inter\u00e9s de fomentar la educaci\u00f3n y cultura.<\/p>\n<p>Esta Feria contar\u00e1 con 68 stands que exhibir\u00e1n artesan\u00edas de tule, huaraches y gabanes, ubicados en la Plaza Principal del municipio anfitri\u00f3n, a partir de las 9:00 de la ma\u00f1ana y hasta las 10:00 de la noche. Adem\u00e1s, dentro de la cartelera cultural se presentar\u00e1n artistas y grupos invitados de P\u00e1tzcuaro, Tar\u00edmbaro y \u00c1lvaro Obreg\u00f3n.<\/p>\n<p>&nbsp;<\/p>\n<p>&nbsp;<\/p>\n<p><strong>CELEBRAR\u00c1N XX ANIVERSARIO DE LA CONVIVENCIA DE PAYASOS<\/strong><\/p>\n<p>Jos\u00e9 Manuel Romero Navarro, director general de Cofeeem tambi\u00e9n anunci\u00f3 la celebraci\u00f3n del XX Aniversario de la Convivencia de Payasos, que se realizar\u00e1 del 18 al 21 de febrero en las diferentes plazas p\u00fablicas de la capital michoacana.<\/p>\n<p>A este evento se espera la asistencia de m\u00e1s de 300 competidores de M\u00e9xico y de\u00a0 ciudades de otros pa\u00edses invitados como Los \u00c1ngeles, California; Costa Rica, El Salvador, Honduras y Guatemala.<\/p>\n<p>Durante este magno aniversario se dar\u00e1 una muestra de las diferentes categor\u00edas de animaci\u00f3n que efect\u00faan los payasos, como la actuaci\u00f3n grupal, individual, picard\u00eda mexicana, malabarismo, acrobacia, maquillaje sin espejo, maquillaje trampa, globo- flexia, desfile y comparsa, shows de gala, por mencionar algunos.<\/p>\n<p>Asimismo se brindar\u00e1n talleres y pl\u00e1ticas para quienes ejercen esta actividad, con la finalidad de intercambiar material e ideas innovadoras para aportar a la especializaci\u00f3n en esta materia, misma que ha tenido un reconocimiento internacional.<\/p>\n<p>A las presentaciones de estos eventos asistieron Ignacio L\u00f3pez Mendoza, presidente municipal de Santa Ana Maya; Enrique S\u00e1nchez Velasco, subdirector de Desarrollo Artesanal; Guadalupe Castro, secretaria del Ayuntamiento de Santa Ana Maya; Mart\u00edn Mendoza L\u00f3pez, regidor de Educaci\u00f3n y Cultura del mismo municipio; Mar\u00eda Cristina Cortez Calder\u00f3n, reina de la Expo Feria Santa Ana Maya 2013.<\/p>\n<p>Al igual que Sergio Salinas L\u00f3pez (Checolin Chapoy), presidente de la Organizaci\u00f3n de Payasos del Estado de Michoac\u00e1n; Francisco Valentino Silva Maldonado (Kiko), vicepresidente de esta asociaci\u00f3n y Francisco Javier Silva Maldonado (Jimmy), tesorero.<\/p>\n","protected":false},"excerpt":{"rendered":"<p>Santa Ana Maya compartir\u00e1 su cultura, artesan\u00eda, gastronom\u00eda y tradici\u00f3n a trav\u00e9s de su Expo Feria 2013 a realizarse del 15 al 18 de febrero, con motivo de la fiesta patronal, donde se espera la asistencia de alrededor de 10 mil visitantes.<\/p>\n","protected":false},"author":1,"featured_media":0,"comment_status":"open","ping_status":"open","sticky":false,"template":"","format":"standard","meta":{"footnotes":""},"categories":[3],"tags":[],"class_list":["post-1277","post","type-post","status-publish","format-standard","hentry","category-gobierno-del-estado-de-michoacan"],"_links":{"self":[{"href":"https:\/\/radiowebmx.com\/nota\/wp-json\/wp\/v2\/posts\/1277","targetHints":{"allow":["GET"]}}],"collection":[{"href":"https:\/\/radiowebmx.com\/nota\/wp-json\/wp\/v2\/posts"}],"about":[{"href":"https:\/\/radiowebmx.com\/nota\/wp-json\/wp\/v2\/types\/post"}],"author":[{"embeddable":true,"href":"https:\/\/radiowebmx.com\/nota\/wp-json\/wp\/v2\/users\/1"}],"replies":[{"embeddable":true,"href":"https:\/\/radiowebmx.com\/nota\/wp-json\/wp\/v2\/comments?post=1277"}],"version-history":[{"count":6,"href":"https:\/\/radiowebmx.com\/nota\/wp-json\/wp\/v2\/posts\/1277\/revisions"}],"predecessor-version":[{"id":1281,"href":"https:\/\/radiowebmx.com\/nota\/wp-json\/wp\/v2\/posts\/1277\/revisions\/1281"}],"wp:attachment":[{"href":"https:\/\/radiowebmx.com\/nota\/wp-json\/wp\/v2\/media?parent=1277"}],"wp:term":[{"taxonomy":"category","embeddable":true,"href":"https:\/\/radiowebmx.com\/nota\/wp-json\/wp\/v2\/categories?post=1277"},{"taxonomy":"post_tag","embeddable":true,"href":"https:\/\/radiowebmx.com\/nota\/wp-json\/wp\/v2\/tags?post=1277"}],"curies":[{"name":"wp","href":"https:\/\/api.w.org\/{rel}","templated":true}]}}