{"id":12632,"date":"2015-01-12T11:04:57","date_gmt":"2015-01-12T17:04:57","guid":{"rendered":"https:\/\/radiowebmx.com\/nota\/?p=12632"},"modified":"2015-01-12T11:04:57","modified_gmt":"2015-01-12T17:04:57","slug":"pri-presento-queja-contra-ignacio-alvarado-por-actos-anticipados-de-campana","status":"publish","type":"post","link":"https:\/\/radiowebmx.com\/nota\/pri-presento-queja-contra-ignacio-alvarado-por-actos-anticipados-de-campana\/","title":{"rendered":"PRI PRESENT\u00d3 QUEJA CONTRA IGNACIO ALVARADO POR ACTOS ANTICIPADOS DE CAMPA\u00d1A."},"content":{"rendered":"<p>El d\u00eda de ayer el Partido Revolucionario institucional \u00a0en Michoac\u00e1n, present\u00f3 una queja ante el Instituto Electoral de Michoac\u00e1n (IEM), en contra del precandidato del PAN a la presidencia municipal de Morelia, Ignacio Alvarado Laris por sus actos anticipados de campa\u00f1a.<\/p>\n<p>&nbsp;<\/p>\n<p>Lo anterior dicho por ellos mismos la campa\u00f1a es interna y estar\u00eda dirigida unicamente a 2700 militantes panistas de la capital michoacana, en la convocatoria para ayuntamientos emitida por el Partido Acci\u00f3n Nacional menciona que \u00fanicamente los miembros de este instituto pol\u00edtico podr\u00e1n votar, que toda la propaganda va dirigida solo para la militancia del PAN, sin embargo los espectaculares y dem\u00e1s anuncios que hay en diversos puntos de la capital michoacana\u00a0 los puede observar la ciudadan\u00eda en general.<\/p>\n<p>&nbsp;<\/p>\n<p>El Partido Revolucionario Institucional fundamenta su queja en el despliegue publicitario que ha contratado Ignacio Alvarado Laris en espectaculares, recorriendo calle por calle, entregando propaganda en los mercados y afuera de las escuelas lo que va dirigido a toda la poblaci\u00f3n y no solo a los 2700 militantes que hay en la capital michoacana.<\/p>\n<p>&nbsp;<\/p>\n<p>En este tenor el PRI ha sido un partido siempre apegado a la legalidad y que ha respetado los tiempos estipulados por los \u00f3rganos electorales y tal como lo marca la ley electoral en el estado de Michoac\u00e1n.<\/p>\n","protected":false},"excerpt":{"rendered":"<p>El d\u00eda de ayer el Partido Revolucionario institucional  en Michoac\u00e1n, present\u00f3 una queja ante el Instituto Electoral de Michoac\u00e1n (IEM), en contra del precandidato del PAN a la presidencia municipal de Morelia, Ignacio Alvarado Laris por sus actos anticipados de campa\u00f1a.<\/p>\n","protected":false},"author":1,"featured_media":0,"comment_status":"open","ping_status":"open","sticky":false,"template":"","format":"standard","meta":{"footnotes":""},"categories":[11,12],"tags":[],"class_list":["post-12632","post","type-post","status-publish","format-standard","hentry","category-partidos-politicos","category-pri"],"_links":{"self":[{"href":"https:\/\/radiowebmx.com\/nota\/wp-json\/wp\/v2\/posts\/12632","targetHints":{"allow":["GET"]}}],"collection":[{"href":"https:\/\/radiowebmx.com\/nota\/wp-json\/wp\/v2\/posts"}],"about":[{"href":"https:\/\/radiowebmx.com\/nota\/wp-json\/wp\/v2\/types\/post"}],"author":[{"embeddable":true,"href":"https:\/\/radiowebmx.com\/nota\/wp-json\/wp\/v2\/users\/1"}],"replies":[{"embeddable":true,"href":"https:\/\/radiowebmx.com\/nota\/wp-json\/wp\/v2\/comments?post=12632"}],"version-history":[{"count":1,"href":"https:\/\/radiowebmx.com\/nota\/wp-json\/wp\/v2\/posts\/12632\/revisions"}],"predecessor-version":[{"id":12633,"href":"https:\/\/radiowebmx.com\/nota\/wp-json\/wp\/v2\/posts\/12632\/revisions\/12633"}],"wp:attachment":[{"href":"https:\/\/radiowebmx.com\/nota\/wp-json\/wp\/v2\/media?parent=12632"}],"wp:term":[{"taxonomy":"category","embeddable":true,"href":"https:\/\/radiowebmx.com\/nota\/wp-json\/wp\/v2\/categories?post=12632"},{"taxonomy":"post_tag","embeddable":true,"href":"https:\/\/radiowebmx.com\/nota\/wp-json\/wp\/v2\/tags?post=12632"}],"curies":[{"name":"wp","href":"https:\/\/api.w.org\/{rel}","templated":true}]}}