{"id":1251,"date":"2013-02-11T12:20:11","date_gmt":"2013-02-11T18:20:11","guid":{"rendered":"https:\/\/radiowebmx.com\/nota\/?p=1251"},"modified":"2013-02-11T12:20:36","modified_gmt":"2013-02-11T18:20:36","slug":"representacion-de-alta-calidad-a-la-asamblea-nacional-del-pri-guzman","status":"publish","type":"post","link":"https:\/\/radiowebmx.com\/nota\/representacion-de-alta-calidad-a-la-asamblea-nacional-del-pri-guzman\/","title":{"rendered":"REPRESENTACI\u00d3N DE ALTA CALIDAD A LA  ASAMBLEA NACIONAL DEL PRI: GUZM\u00c1N"},"content":{"rendered":"<p><img loading=\"lazy\" decoding=\"async\" class=\"alignnone\" src=\"http:\/\/img690.imageshack.us\/img690\/9526\/dsc0159yf.jpg\" alt=\"\" width=\"591\" height=\"238\" \/>El pri\u00edsmo michoacano acudir\u00e1 a la Asamblea Nacional del pr\u00f3ximo 3 de marzo, con una representaci\u00f3n del alta calidad, en t\u00e9rminos de personas y de propuestas, con una clara determinaci\u00f3n de actualizar estatutos y programas de acci\u00f3n, de acuerdo con las necesidades de nuestros tiempos, afirm\u00f3 el l\u00edder estatal del tricolor Antonio Guzm\u00e1n Casta\u00f1eda, al t\u00e9rmino de la Asamblea Estatal que se realiz\u00f3 con la participaci\u00f3n de m\u00e1s de 1,700 militantes provenientes de diversos puntos de la entidad.<\/p>\n<p>El presidente del Comit\u00e9 Directivo Estatal del tricolor, acompa\u00f1ado del Delegado del CEN Mario Vargas Aguiar, destac\u00f3 el entusiasmo mostrado por los delegados a la Asamblea, para participar con propuestas concretas en las\u00a0\u00a0cuatro mesas que se instalaron: Estatutos; Estrategias y Programas; Programa de Acci\u00f3n y Declaraci\u00f3n de Principios.<\/p>\n<p>El acto inaugural, estuvo a cargo del Secretario de Gobierno Jes\u00fas Reyna Garc\u00eda quien, con la representaci\u00f3n personal del Gobernador Fausto Vallejo Figueroa, refrend\u00f3 su compromiso con el partido \u201csiempre estar\u00e9 orgulloso de ser priista y siempre estar\u00e9 dispuesto de desempe\u00f1ar la tarea que mi partido, por conducto de la presidencia, me asigne para estar siempre con los priistas\u201d.<\/p>\n<p>Demand\u00f3 asimismo, el apoyo, comprensi\u00f3n y decisi\u00f3n de los militantes del tricolor, para impulsar al gobierno del estado que se encuentra en una etapa dif\u00edcil, para buscar servirle mejor a todos los michoacanos y cumplir con las expectativas.<\/p>\n<p>Durante varias horas, se desarrollaron los trabajos en cada una de las mesas, con aportaciones de diversa \u00edndole, destacando algunas de ellas por su importancia.<\/p>\n<p>En lo que corresponde a la Declaraci\u00f3n de Principios, hubo coincidencia en preservar el dominio del Estado Mexicano sobre el suelo y subsuelo de la naci\u00f3n y los productos que se obtengan de \u00e9l, por lo que en lo referente al desempe\u00f1o de Petr\u00f3leos Mexicanos, se debe buscar la forma de hacer m\u00e1s eficiente su desempe\u00f1o, con la posibilidad de inversiones provenientes del sector privado en algunas \u00e1reas como refinaci\u00f3n y exploraci\u00f3n, pero sin perder el control y la supremac\u00eda sobre ese importante recurso natural.<\/p>\n<p>En lo referente a los Estatutos, destacaron las propuestas relativas a reducir el n\u00famero de representantes, tanto en el Consejo Pol\u00edtico Nacional, como en la Comisi\u00f3n Pol\u00edtica Permanente con una disminuci\u00f3n del 50%, adem\u00e1s de la desaparici\u00f3n de algunas organizaciones como el Movimiento Territorial y otras de menor tama\u00f1o, para incorporarse a la Confederaci\u00f3n Nacional de Organizaciones Populares (CNOP) con el car\u00e1cter de organismos adherentes. Tambi\u00e9n se plante\u00f3 que los funcionarios p\u00fablicos emanados del PRI deban rendir informes ante el partido y que en los procesos de selecci\u00f3n de candidatos, s\u00f3lo deban participar los militantes, previa elaboraci\u00f3n de un padr\u00f3n.<\/p>\n<p>Por lo que toca a la Mesa sobre el Programa de Acci\u00f3n, destac\u00f3 la propuesta de impulsar una mayor cercan\u00eda del partido con las clases m\u00e1s desprotegidas, con programas relativos a la atenci\u00f3n de grupos espec\u00edficos como las personas de la tercera edad y quienes sufren por falta de alimentos.<\/p>\n<p>En Estrategias y Programas se plante\u00f3 la atenci\u00f3n a temas como la seguridad p\u00fablica, cultura y educaci\u00f3n pero sobre todo, para que el tricolor est\u00e9 cada vez m\u00e1s cerca de la gente, resolviendo problemas de car\u00e1cter social que lo identifiquen con las mayor\u00edas.<\/p>\n<p>En la parte electiva, los asamble\u00edstas determinaron la representaci\u00f3n michoacana que estar\u00e1 integrada por 60 delegados que fueron electoras mediante una planilla integrada por representantes de sectores y organizaciones, del \u00e1mbito territorial, ediles y comit\u00e9s municipales, con una composici\u00f3n paritaria entre hombres y mujeres; m\u00e1s de la mitad de ellos j\u00f3venes.<\/p>\n<p>Ellos se sumar\u00e1n a los 53 que ya fueron designados por el Comit\u00e9 Ejecutivo Nacional, con lo que suman 113, m\u00e1s los que puedan ser incluidos como Delegados Fraternales, previas solicitudes ante los comit\u00e9s municipales, mismas que ser\u00e1n turnadas al CEN para su aprobaci\u00f3n.<\/p>\n","protected":false},"excerpt":{"rendered":"<p>El pri\u00edsmo michoacano acudir\u00e1 a la Asamblea Nacional del pr\u00f3ximo 3 de marzo, con una representaci\u00f3n del alta calidad, en t\u00e9rminos de personas y de propuestas, con una clara determinaci\u00f3n de actualizar estatutos y programas de acci\u00f3n, de acuerdo con las necesidades de nuestros tiempos, afirm\u00f3 el l\u00edder estatal del tricolor Antonio Guzm\u00e1n Casta\u00f1eda, al t\u00e9rmino de la Asamblea Estatal que se realiz\u00f3 con la participaci\u00f3n de m\u00e1s de 1,700 militantes provenientes de diversos puntos de la entidad.<\/p>\n","protected":false},"author":1,"featured_media":0,"comment_status":"open","ping_status":"open","sticky":false,"template":"","format":"standard","meta":{"footnotes":""},"categories":[3],"tags":[],"class_list":["post-1251","post","type-post","status-publish","format-standard","hentry","category-gobierno-del-estado-de-michoacan"],"_links":{"self":[{"href":"https:\/\/radiowebmx.com\/nota\/wp-json\/wp\/v2\/posts\/1251","targetHints":{"allow":["GET"]}}],"collection":[{"href":"https:\/\/radiowebmx.com\/nota\/wp-json\/wp\/v2\/posts"}],"about":[{"href":"https:\/\/radiowebmx.com\/nota\/wp-json\/wp\/v2\/types\/post"}],"author":[{"embeddable":true,"href":"https:\/\/radiowebmx.com\/nota\/wp-json\/wp\/v2\/users\/1"}],"replies":[{"embeddable":true,"href":"https:\/\/radiowebmx.com\/nota\/wp-json\/wp\/v2\/comments?post=1251"}],"version-history":[{"count":3,"href":"https:\/\/radiowebmx.com\/nota\/wp-json\/wp\/v2\/posts\/1251\/revisions"}],"predecessor-version":[{"id":1254,"href":"https:\/\/radiowebmx.com\/nota\/wp-json\/wp\/v2\/posts\/1251\/revisions\/1254"}],"wp:attachment":[{"href":"https:\/\/radiowebmx.com\/nota\/wp-json\/wp\/v2\/media?parent=1251"}],"wp:term":[{"taxonomy":"category","embeddable":true,"href":"https:\/\/radiowebmx.com\/nota\/wp-json\/wp\/v2\/categories?post=1251"},{"taxonomy":"post_tag","embeddable":true,"href":"https:\/\/radiowebmx.com\/nota\/wp-json\/wp\/v2\/tags?post=1251"}],"curies":[{"name":"wp","href":"https:\/\/api.w.org\/{rel}","templated":true}]}}