{"id":12415,"date":"2014-12-24T13:07:17","date_gmt":"2014-12-24T19:07:17","guid":{"rendered":"https:\/\/radiowebmx.com\/nota\/?p=12415"},"modified":"2015-01-02T13:08:30","modified_gmt":"2015-01-02T19:08:30","slug":"ninos-de-casa-meced-festejan-las-fiestas-decembrinas","status":"publish","type":"post","link":"https:\/\/radiowebmx.com\/nota\/ninos-de-casa-meced-festejan-las-fiestas-decembrinas\/","title":{"rendered":"NI\u00d1OS DE CASA MECED FESTEJAN LAS FIESTAS DECEMBRINAS"},"content":{"rendered":"<p>Para reforzar los lazos de amistad y preservar las tradiciones mexicanas, el Comit\u00e9 para el Desarrollo Integral de la Familia (DIF) Morelia, que preside la se\u00f1ora Margarita Oribio de L\u00e1zaro, festej\u00f3 la posada de fin de a\u00f1o con los menores becados de casa MECED.<\/p>\n<p>&nbsp;<\/p>\n<p>Entre villancicos, pi\u00f1atas y comida mexicana, ni\u00f1os y j\u00f3venes que son atendidos por el Programa Menores en Circunstancias Especialmente Dif\u00edciles (MECED) en compa\u00f1\u00eda de su familia disfrutaron de esta gran fiesta navide\u00f1a que el DIF organiz\u00f3 para ellos.<br \/>\nEl evento fue encabezado por la directora del DIF Morelia, M\u00f3nica Castro, quien a nombre de la presidenta del DIF Municipal, Margarita Oribio de L\u00e1zaro, extern\u00f3 un saludo de paz y buenos deseos para estas fiestas decembrinas.<br \/>\nLas madres de familia agradecieron a la Directora y al Presidente Municipal Wilfrido L\u00e1zaro Medina por las atenciones que han recibido durante este tiempo en que sus hijos han sido atendidos en casa MECED, ya que para ellos es de mucha ayuda que se les brinden atenci\u00f3n y apoyo econ\u00f3mico a los infantes.<\/p>\n","protected":false},"excerpt":{"rendered":"<p>Para reforzar los lazos de amistad y preservar las tradiciones mexicanas, el Comit\u00e9 para el Desarrollo Integral de la Familia (DIF) Morelia, que preside la se\u00f1ora Margarita Oribio de L\u00e1zaro, festej\u00f3 la posada de fin de a\u00f1o con los menores becados de casa MECED.<\/p>\n","protected":false},"author":1,"featured_media":12416,"comment_status":"open","ping_status":"open","sticky":false,"template":"","format":"standard","meta":{"footnotes":""},"categories":[1],"tags":[],"class_list":["post-12415","post","type-post","status-publish","format-standard","has-post-thumbnail","hentry","category-sin-categoria"],"_links":{"self":[{"href":"https:\/\/radiowebmx.com\/nota\/wp-json\/wp\/v2\/posts\/12415","targetHints":{"allow":["GET"]}}],"collection":[{"href":"https:\/\/radiowebmx.com\/nota\/wp-json\/wp\/v2\/posts"}],"about":[{"href":"https:\/\/radiowebmx.com\/nota\/wp-json\/wp\/v2\/types\/post"}],"author":[{"embeddable":true,"href":"https:\/\/radiowebmx.com\/nota\/wp-json\/wp\/v2\/users\/1"}],"replies":[{"embeddable":true,"href":"https:\/\/radiowebmx.com\/nota\/wp-json\/wp\/v2\/comments?post=12415"}],"version-history":[{"count":2,"href":"https:\/\/radiowebmx.com\/nota\/wp-json\/wp\/v2\/posts\/12415\/revisions"}],"predecessor-version":[{"id":12418,"href":"https:\/\/radiowebmx.com\/nota\/wp-json\/wp\/v2\/posts\/12415\/revisions\/12418"}],"wp:featuredmedia":[{"embeddable":true,"href":"https:\/\/radiowebmx.com\/nota\/wp-json\/wp\/v2\/media\/12416"}],"wp:attachment":[{"href":"https:\/\/radiowebmx.com\/nota\/wp-json\/wp\/v2\/media?parent=12415"}],"wp:term":[{"taxonomy":"category","embeddable":true,"href":"https:\/\/radiowebmx.com\/nota\/wp-json\/wp\/v2\/categories?post=12415"},{"taxonomy":"post_tag","embeddable":true,"href":"https:\/\/radiowebmx.com\/nota\/wp-json\/wp\/v2\/tags?post=12415"}],"curies":[{"name":"wp","href":"https:\/\/api.w.org\/{rel}","templated":true}]}}