{"id":1222,"date":"2013-02-08T12:31:16","date_gmt":"2013-02-08T18:31:16","guid":{"rendered":"https:\/\/radiowebmx.com\/nota\/?p=1222"},"modified":"2013-02-08T12:31:16","modified_gmt":"2013-02-08T18:31:16","slug":"poliforum-digital-infinitum-al-servicio-de-los-morelianos","status":"publish","type":"post","link":"https:\/\/radiowebmx.com\/nota\/poliforum-digital-infinitum-al-servicio-de-los-morelianos\/","title":{"rendered":"Poliforum Digital Infinitum al servicio de los morelianos"},"content":{"rendered":"<p><strong><img loading=\"lazy\" decoding=\"async\" class=\"alignnone\" src=\"http:\/\/img23.imageshack.us\/img23\/8348\/dsc1240c.jpg\" alt=\"\" width=\"591\" height=\"229\" \/>\u00a0<\/strong>A partir de este jueves, los morelianos contar\u00e1n con un espacio de acceso a la tecnolog\u00eda \u00fanico en su tipo a nivel nacional, el Centro Municipal Poliforum Digital Infinitum, instalaciones que a decir del director general de Tel\u00e9fonos de M\u00e9xico H\u00e9ctor Slim Seade \u201cDemuestra que con la Suma de Voluntades de los tres niveles de gobierno, la iniciativa privada y la sociedad civil, se puede lograr tender los puentes, para acortar la brecha digital en este pa\u00eds y as\u00ed seguir impulsado la educaci\u00f3n para el desarrollo de Morelia, Michoac\u00e1n y M\u00e9xico\u201d.<\/p>\n<p>&nbsp;<\/p>\n<p>Abund\u00f3 que a nombre propio y de la empresa que representa se congratula de realizar estos trabajos conjuntos con las autoridades estatales y municipales, \u201cEs un orgullo trabajar en Michoac\u00e1n un estado que tiene mucha historia y sin duda mucho futuro, por ello reitero a las autoridades nuestra disposici\u00f3n para continuar impulsando proyectos que ayuden a la ciudadan\u00eda a acercarse a la nueva era del conocimiento, as\u00ed como continuar con los programas de apoyo a personas de escasos recursos, con capacidades diferentes o con alg\u00fan otro impedimento para su pleno desarrollo\u201d.<\/p>\n<p>&nbsp;<\/p>\n<p>Durante el acto de apertura del espacio educativo y de conocimiento que fue engalanado con la presencia del empresario mexicano, estuvieron presentes el Gobernador del Estado de Michoac\u00e1n Fausto Vallejo Figueroa quien tuvo la visi\u00f3n de esta magna obra en respuesta a una petici\u00f3n de habitantes de la parte norte de la ciudad\u00a0 que ocupaban\u00a0 apoyo de unas computadoras para su peque\u00f1a biblioteca. Hoy el sue\u00f1o de un espacio de esta magnitud, se hizo realidad con la conjunci\u00f3n de esfuerzos y voluntades.<\/p>\n<p>&nbsp;<\/p>\n<p>Participaron de esta apertura, \u00a0el Presidente Municipal de Morelia, Wilfrido L\u00e1zaro Medina, el Rector del Instituto Tecnol\u00f3gico Telmex, Javier Helguera Sol\u00eds, la\u00a0Presidenta sustituta del Supremo Tribunal de Justicia del Estado de Michoac\u00e1n, Dora Elia Herrej\u00f3n Saucedo, el Diputado Local por el Distrito Morelia Noroeste, Marco Polo Aguirre Ch\u00e1vez, el Director del Poliforum Digital Infinitum, Carlos Hurtado Cabrera, as\u00ed como funcionarios estatales y municipales.<\/p>\n<p>&nbsp;<\/p>\n<p>En este marco, el Gobernador michoacano Fausto Vallejo Figueroa se congratul\u00f3 de ver realizado un proyecto que naci\u00f3 durante su periodo como presidente municipal hace m\u00e1s de diez a\u00f1os, \u201ces reconfortante culminar esta idea que brindar\u00e1 a los morelianos educaci\u00f3n de calidad y nos que nos permita ser m\u00e1s competitivos y estar a la altura de los retos tecnol\u00f3gicos que la nueva era demanda\u201d.<\/p>\n<p>&nbsp;<\/p>\n<p>Resalt\u00f3 que cuando existen proyectos serios y bien planteados es posible desarrollarlos y entregar buenos resultados a los m\u00e1s de 65 mil ciudadanos que habitan la zona norte de Morelia a quienes exhort\u00f3 a sacarle el mayor provecho a los servicios que a partir de hoy ofrecer\u00e1 el Poliforum Digital Infinitum y cuidar las instalaciones para que m\u00e1s morelianos puedan acceder a sus servicios.<\/p>\n<p>&nbsp;<\/p>\n<p>De igual forma reiter\u00f3 su plena confianza en el edil moreliano para la operatividad de esta espacio que acercar\u00e1 la tecnolog\u00eda a quienes no pueden acceder a ella, \u201cWilfrido L\u00e1zaro Medina estuvo presente desde los cimientos de este proyecto y conf\u00edo en que \u00e9l sabr\u00e1 llevarlo por buenos t\u00e9rminos para ofrecer un servicio de calidad y de primer nivel a los morelianos\u201d, dijo.<\/p>\n<p>&nbsp;<\/p>\n<p>Adem\u00e1s de fungir como un sitio de estudio y recreaci\u00f3n cultural, el Poliforum Digital Infinitum contar\u00e1 con el servicio adicional de computadoras que los usuarios podr\u00e1n llevar a sus casas para la consulta de libros en formato digital previamente cargados, es decir llevar a cada hogar moreliano una biblioteca completa.<\/p>\n<p>&nbsp;<\/p>\n<p>Al respecto el Presidente Municipal Wilfrido L\u00e1zaro Medina, subray\u00f3 que el inicio de operaciones de este lugar es un paso s\u00f3lido hacia la consolidaci\u00f3n de un Morelia con Mejores Servicios y que es la base para detonar el proyecto de un municipio tecnol\u00f3gico.<\/p>\n<p>&nbsp;<\/p>\n<p>Destac\u00f3 que bajo la idea de que Morelia es una metr\u00f3poli y como tal se debe dar a atenci\u00f3n a cada rinc\u00f3n del municipio, las tenencias contar\u00e1n con servicio de internet inal\u00e1mbrico, lo que reforzar\u00e1 el desarrollo educativo de los estudiantes que debido a sus condiciones econ\u00f3micas no tengan la facilidad de trasladarse al espacio que este jueves inici\u00f3 operaciones oficialmente.<\/p>\n<p>&nbsp;<\/p>\n<p>En el marco de la apertura de este espacio, los invitados especiales realizaron un recorrido por las instalaciones del Poliforum Digital Infinitum, quienes guiados por el director del mismo Carlos Hurtado Cabrera conocieron los espacios habilitados como zona de consulta, los salones de usos m\u00faltiples y las aulas en las que se impartir\u00e1n los talleres de ingl\u00e9s, software, rob\u00f3tica y dise\u00f1o, entre otros.<\/p>\n<p>&nbsp;<\/p>\n<p>En su visita a Morelia director General de Tel\u00e9fonos de M\u00e9xico (Telmex) H\u00e9ctor Slim presidi\u00f3 adem\u00e1s la firma de convenios \u201cAcad\u00e9mica\u201d y la puesta en macha oficial de 110 sitios Wi Fi m\u00f3vil e inauguraci\u00f3n de la telefon\u00eda p\u00fablica especial en el estado de Michoac\u00e1n.<\/p>\n<p>&nbsp;<\/p>\n<p>El evento\u00a0 se celebr\u00f3 en\u00a0 el Instituto Tecnol\u00f3gico de Morelia, plantel beneficiado ya que\u00a0 contar\u00e1 con 4 espacios libres y gratuitos de Wi Fi para el uso ilimitado. En este sentido el director del ITM Paulino Rivas Mart\u00ednez asegur\u00f3 que\u00a0 este sistema de tecnolog\u00eda beneficiar\u00e1 a los estudiantes e investigadores de todo este plantel y asegur\u00f3 que estos proyectos los motivar\u00e1n a seguir adelante por lo que ofreci\u00f3 sumarse a estos proyectos para fortalecer la educaci\u00f3n superior de Michoac\u00e1n.<\/p>\n<p>&nbsp;<\/p>\n<p>Por su parte tras dar la bienvenida a nombre de los morelianos al empresario mexicano, el presidente municipal de Morelia Wilfrido L\u00e1zaro Medina, resalt\u00f3 que \u00a0hoy en d\u00eda, el concepto de alfabetizaci\u00f3n ha cambiado y la comunicaci\u00f3n no es producida solamente por la imprenta, radio, televisi\u00f3n, y por ello el dominio de la lectoescritura ha sido insuficiente, dejando al margen de la alfabetizaci\u00f3n tecnol\u00f3gica y la red comunicativa a quienes no gozan de los medios para acceder al mundo digital.<\/p>\n<p>&nbsp;<\/p>\n<p>Por ello celebr\u00f3 la uni\u00f3n de fuerzas del gobierno del estado y Telmex por proveer la gratuidad del conocimiento digital en diferentes puntos del estado para una mejor competitividad educativa y profesionalismo de nuestro capital humano que son los j\u00f3venes.<\/p>\n<p>&nbsp;<\/p>\n<p>El edil de la comuna comprometi\u00f3 atender la solicitud que le hiciera el director del Instituto Tecnol\u00f3gico de Morelia para la construcci\u00f3n del arco techo para la cancha de fut bol.<\/p>\n<p>&nbsp;<\/p>\n<p>Finalmente el Rector del Instituto Tecnol\u00f3gico Telmex, Javier Elguera Sol\u00eds, resalt\u00f3 que ya son 17 las instituciones de educaci\u00f3n superior de Michoac\u00e1n que cuentan con esta plataforma de tecnolog\u00eda e internet lo que sumas 260 instituciones que conforman el consorcio universitario\u00a0 en espa\u00f1ol m\u00e1s grande en el mundo con m\u00e1s de 100 mil acervos digitales.<\/p>\n<p>&nbsp;<\/p>\n<p>Para dar arranque oficial a los 110 sitios de Wi Fi en Michoac\u00e1n, se celebr\u00f3 una video comunicaci\u00f3n entre el gobernador del estado Fausto Vallejo Figueroa, el director general de TELMEX y el presidente Municipal de Uruapan, este \u00faltimo celebr\u00f3 la integraci\u00f3n de su municipio a este sistema de tecnolog\u00eda avanzada.<\/p>\n<p>&nbsp;<\/p>\n<p><strong>Un espacio \u00fanico en su tipo<\/strong><\/p>\n<p>&nbsp;<\/p>\n<p>M\u00e1s de 19 mil metros cuadrados conforman el terreno total del Poliforum Digital Infinitum, el cual esta acondicionado con espacios destinados al estudio, biblioteca digital, teatro al aire libre y salones de usos m\u00faltiples, entre otros:<\/p>\n<p>&nbsp;<\/p>\n<p>&#8211;\u00a0\u00a0\u00a0\u00a0\u00a0\u00a0\u00a0Tiene en total 12 aulas con capacidad para 10 personas donde se impartir\u00e1n los talleres de software, dise\u00f1o y rob\u00f3tica en colaboraci\u00f3n con Telmex<\/p>\n<p>&#8211;\u00a0\u00a0\u00a0\u00a0\u00a0\u00a0\u00a0Cuenta con dos salones de usos m\u00faltiples que albergaran desde 90 hasta 400 personas que acudan a charlas y coloquios<\/p>\n<p>&#8211;\u00a0\u00a0\u00a0\u00a0\u00a0\u00a0\u00a0Adem\u00e1s una sala habilitada para fungir como espacio de exposiciones y exhibiciones<\/p>\n<p>&#8211;\u00a0\u00a0\u00a0\u00a0\u00a0\u00a0\u00a0Un teatro al aire libre \u201cChucho Monje\u201d<\/p>\n<p>&#8211;\u00a0\u00a0\u00a0\u00a0\u00a0\u00a0\u00a0Una cancha de futbol<\/p>\n<p>&#8211;\u00a0\u00a0\u00a0\u00a0\u00a0\u00a0\u00a0Azotea verde de m\u00e1s de 2 mil 800 metros cuadrados<\/p>\n<p>&nbsp;<\/p>\n<p>Adem\u00e1s de los servicios acad\u00e9micos y de recreaci\u00f3n este espacio ser\u00e1 sede de programas de apoyo a emprendedores morelianos como \u201cMorelia emprende\u201d, \u201cConsume lo que Morelia produce\u201d y \u201cMarcas orgullosamente Morelianas\u201d, entre otros.<\/p>\n","protected":false},"excerpt":{"rendered":"<p> A partir de este jueves, los morelianos contar\u00e1n con un espacio de acceso a la tecnolog\u00eda \u00fanico en su tipo a nivel nacional, el Centro Municipal Poliforum Digital Infinitum, instalaciones que a decir del director general de Tel\u00e9fonos de M\u00e9xico H\u00e9ctor Slim Seade \u201cDemuestra que con la Suma de Voluntades de los tres niveles de gobierno, la iniciativa privada y la sociedad civil, se puede lograr tender los puentes, para acortar la brecha digital en este pa\u00eds y as\u00ed seguir impulsado la educaci\u00f3n para el desarrollo de Morelia, Michoac\u00e1n y M\u00e9xico\u201d.<\/p>\n","protected":false},"author":1,"featured_media":0,"comment_status":"open","ping_status":"open","sticky":false,"template":"","format":"standard","meta":{"footnotes":""},"categories":[9],"tags":[],"class_list":["post-1222","post","type-post","status-publish","format-standard","hentry","category-morelia"],"_links":{"self":[{"href":"https:\/\/radiowebmx.com\/nota\/wp-json\/wp\/v2\/posts\/1222","targetHints":{"allow":["GET"]}}],"collection":[{"href":"https:\/\/radiowebmx.com\/nota\/wp-json\/wp\/v2\/posts"}],"about":[{"href":"https:\/\/radiowebmx.com\/nota\/wp-json\/wp\/v2\/types\/post"}],"author":[{"embeddable":true,"href":"https:\/\/radiowebmx.com\/nota\/wp-json\/wp\/v2\/users\/1"}],"replies":[{"embeddable":true,"href":"https:\/\/radiowebmx.com\/nota\/wp-json\/wp\/v2\/comments?post=1222"}],"version-history":[{"count":1,"href":"https:\/\/radiowebmx.com\/nota\/wp-json\/wp\/v2\/posts\/1222\/revisions"}],"predecessor-version":[{"id":1223,"href":"https:\/\/radiowebmx.com\/nota\/wp-json\/wp\/v2\/posts\/1222\/revisions\/1223"}],"wp:attachment":[{"href":"https:\/\/radiowebmx.com\/nota\/wp-json\/wp\/v2\/media?parent=1222"}],"wp:term":[{"taxonomy":"category","embeddable":true,"href":"https:\/\/radiowebmx.com\/nota\/wp-json\/wp\/v2\/categories?post=1222"},{"taxonomy":"post_tag","embeddable":true,"href":"https:\/\/radiowebmx.com\/nota\/wp-json\/wp\/v2\/tags?post=1222"}],"curies":[{"name":"wp","href":"https:\/\/api.w.org\/{rel}","templated":true}]}}