{"id":1211,"date":"2013-02-06T10:46:54","date_gmt":"2013-02-06T16:46:54","guid":{"rendered":"https:\/\/radiowebmx.com\/nota\/?p=1211"},"modified":"2013-02-06T10:46:54","modified_gmt":"2013-02-06T16:46:54","slug":"asiste-gobernador-fausto-vallejo-a-ceremonia-de-promulgacion-de-la-constitucion-en-queretaro","status":"publish","type":"post","link":"https:\/\/radiowebmx.com\/nota\/asiste-gobernador-fausto-vallejo-a-ceremonia-de-promulgacion-de-la-constitucion-en-queretaro\/","title":{"rendered":"Asiste gobernador Fausto Vallejo a ceremonia de Promulgaci\u00f3n de la Constituci\u00f3n en Quer\u00e9taro"},"content":{"rendered":"<p><img loading=\"lazy\" decoding=\"async\" class=\"alignnone\" src=\"http:\/\/img690.imageshack.us\/img690\/2374\/img55981024x275.jpg\" alt=\"\" width=\"591\" height=\"158\" \/>El gobernador de Michoac\u00e1n, Fausto Vallejo Figueroa, asisti\u00f3 a la celebraci\u00f3n\u00a0 del\u00a0 96 Aniversario de la Promulgaci\u00f3n de la Constituci\u00f3n Pol\u00edtica de los Estados Unidos Mexicanos, donde el presidente de la Rep\u00fablica, Enrique Pe\u00f1a Nieto, reafirm\u00f3 que el proyecto de Naci\u00f3n que impulsa el Gobierno Federal, es el que consigna la Constituci\u00f3n: \u201cUn M\u00e9xico en paz, un M\u00e9xico incluyente, un M\u00e9xico con educaci\u00f3n de calidad para todos, un M\u00e9xico pr\u00f3spero y un M\u00e9xico que sea actor con mayor responsabilidad global; son objetivos que encuentran sustento en nuestra Ley Suprema\u201d.<\/p>\n","protected":false},"excerpt":{"rendered":"<p>El gobernador de Michoac\u00e1n, Fausto Vallejo Figueroa, asisti\u00f3 a la celebraci\u00f3n\u00a0 del\u00a0 96 Aniversario de la Promulgaci\u00f3n de la Constituci\u00f3n Pol\u00edtica de los Estados Unidos Mexicanos, donde el presidente de la Rep\u00fablica, Enrique Pe\u00f1a Nieto, reafirm\u00f3 que el proyecto de Naci\u00f3n que impulsa el Gobierno Federal, es el que consigna la Constituci\u00f3n: \u201cUn M\u00e9xico en [&hellip;]<\/p>\n","protected":false},"author":1,"featured_media":0,"comment_status":"open","ping_status":"open","sticky":false,"template":"","format":"standard","meta":{"footnotes":""},"categories":[3],"tags":[],"class_list":["post-1211","post","type-post","status-publish","format-standard","hentry","category-gobierno-del-estado-de-michoacan"],"_links":{"self":[{"href":"https:\/\/radiowebmx.com\/nota\/wp-json\/wp\/v2\/posts\/1211","targetHints":{"allow":["GET"]}}],"collection":[{"href":"https:\/\/radiowebmx.com\/nota\/wp-json\/wp\/v2\/posts"}],"about":[{"href":"https:\/\/radiowebmx.com\/nota\/wp-json\/wp\/v2\/types\/post"}],"author":[{"embeddable":true,"href":"https:\/\/radiowebmx.com\/nota\/wp-json\/wp\/v2\/users\/1"}],"replies":[{"embeddable":true,"href":"https:\/\/radiowebmx.com\/nota\/wp-json\/wp\/v2\/comments?post=1211"}],"version-history":[{"count":2,"href":"https:\/\/radiowebmx.com\/nota\/wp-json\/wp\/v2\/posts\/1211\/revisions"}],"predecessor-version":[{"id":1213,"href":"https:\/\/radiowebmx.com\/nota\/wp-json\/wp\/v2\/posts\/1211\/revisions\/1213"}],"wp:attachment":[{"href":"https:\/\/radiowebmx.com\/nota\/wp-json\/wp\/v2\/media?parent=1211"}],"wp:term":[{"taxonomy":"category","embeddable":true,"href":"https:\/\/radiowebmx.com\/nota\/wp-json\/wp\/v2\/categories?post=1211"},{"taxonomy":"post_tag","embeddable":true,"href":"https:\/\/radiowebmx.com\/nota\/wp-json\/wp\/v2\/tags?post=1211"}],"curies":[{"name":"wp","href":"https:\/\/api.w.org\/{rel}","templated":true}]}}