{"id":1207,"date":"2013-02-06T10:42:16","date_gmt":"2013-02-06T16:42:16","guid":{"rendered":"https:\/\/radiowebmx.com\/nota\/?p=1207"},"modified":"2013-02-06T10:42:16","modified_gmt":"2013-02-06T16:42:16","slug":"integrantes-de-la-junta-de-gobierno-del-poliforum-digital-tomaron-protesta","status":"publish","type":"post","link":"https:\/\/radiowebmx.com\/nota\/integrantes-de-la-junta-de-gobierno-del-poliforum-digital-tomaron-protesta\/","title":{"rendered":"INTEGRANTES DE LA JUNTA DE GOBIERNO DEL POLIFORUM DIGITAL, TOMARON PROTESTA"},"content":{"rendered":"<p>El Centro Municipal Poliforum es un proyecto \u00fanico en su tipo en todo el pa\u00eds que gracias a la Suma de Voluntades de los tres niveles de gobierno y la iniciativa privada, este 7 del presente abrir\u00e1 oficialmente sus puertas; esta ma\u00f1ana tomaron protesta los integrantes de su Junta de Gobierno que estar\u00e1 presidida por el edil moreliano Wilfrido L\u00e1zaro Medina.<br \/>\nA pocos d\u00edas de que este recinto abra sus puertas, el l\u00edder de la comuna capitalina destac\u00f3 que el Poliforum Digital es un gran paso hacia una nueva era en el municipio, no solo por ser un espacio \u00fanico a nivel nacional sino tambi\u00e9n porque denota el trabajo realizado por el Ayuntamiento local para ofrecer mejores servicios que sean de vanguardia y de justicia social, procurando espacios de calidad a todos los morelianos.<br \/>\nL\u00e1zaro Medina destac\u00f3 que fue la visi\u00f3n del hoy gobernador Fausto Vallejo Figueroa con la que se logr\u00f3 esta obra de especial importancia para Morelia y los morelianos y en particular, para quienes habitan en la parte norte y reconoci\u00f3 tambi\u00e9n el apoyo de Telmex, empresa que tendr\u00e1 una activa participaci\u00f3n en el funcionamiento de la biblioteca digital.<br \/>\nAcercar a la tecnolog\u00eda a quienes no tienen acceso a una computadora o al Internet, adem\u00e1s de contar con las condiciones para expresiones culturales son algunas de las funciones de este espacio que estar\u00e1 dirigido por Carlos Hurtado Cabrera, quien desde iniciada la actual administraci\u00f3n municipal estuvo a cargo de los trabajos pre operativos del lugar.<br \/>\nDespu\u00e9s de tomar protesta como Director General del Poliforum, Hurtado Cabrera present\u00f3 ante los integrantes de la Junta de Gobierno un programa de funcionamiento del lugar entre los que se incluyen clases de ingl\u00e9s y computaci\u00f3n para todos los morelianos.<br \/>\nResalt\u00f3 que adem\u00e1s de los talleres que se impartir\u00e1n en el lugar, \u00e9ste abrir\u00e1 sus puertas con \u201cbombo y platillo\u201d ya que ser\u00e1 sede de los festivales nacionales de Jazz y Guitarra, adem\u00e1s de ser un espacio apto para la realizaci\u00f3n de coloquios y conferencias de talla internacional.<br \/>\nAdem\u00e1s Hurtado cabrera abund\u00f3 que este espacio contar\u00e1 tambi\u00e9n con un programa de incubadora de empresas \u201cMorelia emprende\u201d a trav\u00e9s del cual se dar\u00e1 apoyo a los empresarios locales, igual que con los trabajos para impulsar el Morelia Productivo, \u201cConsume lo que Morelia Produce\u201d y \u201cMarcas Orgullosamente Morelianas\u201d.<br \/>\nPor su parte el Director Regional de Telmex, V\u00edctor Barajas Castillo resalt\u00f3 que \u201ceste logro es un claro ejemplo de lo que se puede lograr si existe una coordinaci\u00f3n entre las empresas mexicanas y las autoridades\u201d, y adem\u00e1s agreg\u00f3 que sin duda Morelia ser\u00e1 un referente a nivel nacional de proyectos que acerquen las nuevas tecnolog\u00edas a quienes menos tienen.<br \/>\nDemostrando lo que se puede lograr basados en la Suma de Voluntades, a este proyecto se uni\u00f3 el Consejo Estatal de Ciencia y Tecnolog\u00eda a trav\u00e9s Esther Garc\u00eda Garibay quien subray\u00f3, \u201ceste nuevo espacio es fundamental para potenciar el desarrollo del municipio y sin duda es un paso m\u00e1s hacia la consolidaci\u00f3n del proyecto de Morelia como referente de cultura y conocimiento\u201d, dijo.<br \/>\nEl Presidente Municipal L\u00e1zaro Medina subray\u00f3 que la Suma de Voluntades de todos los involucrados en la creaci\u00f3n, el equipamiento y ahora el funcionamiento del Poliforum Digital de Morelia son fundamentales para seguir engrandeciendo a Morelia e impulsar el desarrollo de la cultura y la tecnolog\u00eda en el municipio.<br \/>\nLos integrantes de la Junta<br \/>\nPara dar cabal cumplimiento a los lineamientos de funcionamiento de Centro Municipal Poliforum los integrantes de la Junta de Gobierno tomaron protesta ante el Secretario del Ayuntamiento, Arturo Jos\u00e9 Mauricio Fuentes y el S\u00edndico Municipal Salvador Abud Mirabent, adem\u00e1s externaron su opini\u00f3n acerca del proyecto:<br \/>\nPresidente Municipal Wilfrido L\u00e1zaro Medina, Presidente<br \/>\n\u201cEste es un proyecto \u00fanico en su tipo que denota justicia social y el trabajo real por impulsar a Morelia hacia un municipio con mejores servicios\u201d<br \/>\nCarlos Hurtado Cabrera, Director General<br \/>\n\u201cEl Poliforum ser\u00e1 un espacio que de libre acceso a la ciudadan\u00eda del municipio hacia el conocimiento universal a trav\u00e9s del Internet\u201d<br \/>\nSecretaria de Desarrollo Social, Rosalva Vanegas Gardu\u00f1o, Secretaria T\u00e9cnica<br \/>\n\u201cSeguimos sumando voluntades a favor de proyectos relevantes como el Poliforum que acerquen a los morelianos a las nuevas tecnolog\u00edas\u201d.<br \/>\nDelegado de SEDESOL, Germ\u00e1n Tena Fern\u00e1ndez, Vocal<br \/>\n\u201cUn reconocimiento a todos los que han trabajado por hacer realidad este espacio, y me sumo a los esfuerzos para impulsar el Poliforum y sus servicios\u201d<br \/>\nDirectora del Consejo Estatal de Ciencia y Tecnolog\u00eda, Esther Garc\u00eda Garibay, Vocal<br \/>\n\u201cEste nuevo espacio es fundamental para potenciar el desarrollo del municipio e impulsarlo como referente de cultura y conocimiento a nivel mundial\u201d<br \/>\nDirector Regional de Telmex, V\u00edctor Barajas Castillo, Vocal<br \/>\n\u201cAgradecemos la oportunidad de llegar a los morelianos por medio de la tecnolog\u00eda, y continuaremos trabajando de la mano con las autoridades locales para impulsar el desarrollo de los ciudadanos\u201d<br \/>\nRegidora Leticia Farf\u00e1n V\u00e1zquez, Vocal<br \/>\n\u201cLa inminente apertura del Poliforum indica las ganas que se tienen de hacer de Morelia una ciudad que avanza a trav\u00e9s de la inclusi\u00f3n de la ciudadan\u00eda a las nuevas tecnolog\u00edas\u201d<br \/>\nRegidor Fernando Orozco Miranda, Vocal<br \/>\n\u201cEsto es solo el comienzo de este gran proyecto que nos hace reconocer a la iniciativa privada por sumarse a los trabajos de equidad social que representa este centro digital\u201d<br \/>\nRegidor Cuauhtli Yered Guzm\u00e1n Espitia, Vocal<br \/>\n\u201cEs un orgullo formar parte de este proyecto que adem\u00e1s de ser un parte aguas en el desarrollo del municipio, beneficiar\u00e1 en particular a una zona que se ten\u00eda hasta cierto punto olvidada, el norte de Morelia\u201d<br \/>\nRegidora Sarah\u00ed Cort\u00e9s Ort\u00edz, Vocal<br \/>\n\u201cEste proyecto es un gran logro que nos ayuda a que la tecnolog\u00eda no sea solo el estilo de vida de las nuevas generaciones, sino base de la transformaci\u00f3n de la sociedad\u201d<br \/>\nRegidor Roberto Ayala Soto, Vocal<br \/>\n\u201cEste nuevo lugar tiene muchos beneficios, adem\u00e1s de acercar la tecnolog\u00eda a quienes no tienen acceso a ella y ser sede de eventos culturales es un espacio de recreaci\u00f3n para los j\u00f3venes que se ven tentados a delinquir\u201d<br \/>\nRegidora Martha Patricia Medina Garibay, Vocal<br \/>\n\u201cEs de reconocerse la voluntad no solo de la administraci\u00f3n p\u00fablica si no de la iniciativa privada de acercar a la ciudadan\u00eda oportunidades como esta\u201d<\/p>\n","protected":false},"excerpt":{"rendered":"<p>El Centro Municipal Poliforum es un proyecto \u00fanico en su tipo en todo el pa\u00eds que gracias a la Suma de Voluntades de los tres niveles de gobierno y la iniciativa privada, este 7 del presente abrir\u00e1 oficialmente sus puertas; esta ma\u00f1ana tomaron protesta los integrantes de su Junta de Gobierno que estar\u00e1 presidida por el edil moreliano Wilfrido L\u00e1zaro Medina.<br \/>\nA pocos d\u00edas de que este recinto abra sus puertas, el l\u00edder de la comuna capitalina destac\u00f3 que el Poliforum Digital es un gran paso hacia una nueva era en el municipio, no solo por ser un espacio \u00fanico a nivel nacional sino tambi\u00e9n porque denota el trabajo realizado por el Ayuntamiento local para ofrecer mejores servicios que sean de vanguardia y de justicia social, procurando espacios de calidad a todos los morelianos.<\/p>\n","protected":false},"author":1,"featured_media":0,"comment_status":"open","ping_status":"open","sticky":false,"template":"","format":"standard","meta":{"footnotes":""},"categories":[9],"tags":[],"class_list":["post-1207","post","type-post","status-publish","format-standard","hentry","category-morelia"],"_links":{"self":[{"href":"https:\/\/radiowebmx.com\/nota\/wp-json\/wp\/v2\/posts\/1207","targetHints":{"allow":["GET"]}}],"collection":[{"href":"https:\/\/radiowebmx.com\/nota\/wp-json\/wp\/v2\/posts"}],"about":[{"href":"https:\/\/radiowebmx.com\/nota\/wp-json\/wp\/v2\/types\/post"}],"author":[{"embeddable":true,"href":"https:\/\/radiowebmx.com\/nota\/wp-json\/wp\/v2\/users\/1"}],"replies":[{"embeddable":true,"href":"https:\/\/radiowebmx.com\/nota\/wp-json\/wp\/v2\/comments?post=1207"}],"version-history":[{"count":1,"href":"https:\/\/radiowebmx.com\/nota\/wp-json\/wp\/v2\/posts\/1207\/revisions"}],"predecessor-version":[{"id":1208,"href":"https:\/\/radiowebmx.com\/nota\/wp-json\/wp\/v2\/posts\/1207\/revisions\/1208"}],"wp:attachment":[{"href":"https:\/\/radiowebmx.com\/nota\/wp-json\/wp\/v2\/media?parent=1207"}],"wp:term":[{"taxonomy":"category","embeddable":true,"href":"https:\/\/radiowebmx.com\/nota\/wp-json\/wp\/v2\/categories?post=1207"},{"taxonomy":"post_tag","embeddable":true,"href":"https:\/\/radiowebmx.com\/nota\/wp-json\/wp\/v2\/tags?post=1207"}],"curies":[{"name":"wp","href":"https:\/\/api.w.org\/{rel}","templated":true}]}}