{"id":1204,"date":"2013-02-06T10:27:43","date_gmt":"2013-02-06T16:27:43","guid":{"rendered":"https:\/\/radiowebmx.com\/nota\/?p=1204"},"modified":"2013-02-06T10:27:43","modified_gmt":"2013-02-06T16:27:43","slug":"conmemoracion-del-96-aniversario-de-la-constitucion-politica","status":"publish","type":"post","link":"https:\/\/radiowebmx.com\/nota\/conmemoracion-del-96-aniversario-de-la-constitucion-politica\/","title":{"rendered":"Conmemoraci\u00f3n del 96 Aniversario de la constituci\u00f3n Pol\u00edtica"},"content":{"rendered":"<p><img loading=\"lazy\" decoding=\"async\" class=\"alignnone\" src=\"http:\/\/img402.imageshack.us\/img402\/6575\/dsc0667f.jpg\" alt=\"\" width=\"591\" height=\"313\" \/>\u201cLos constituyentes de 1857 y de 1917 son ordenamientos que viven y conviven con el pueblo de M\u00e9xico y \u00e9ste, se inspira en ellos para mejorar constantemente su realidad que no termina de ser a la que aspiramos, pero que con el paso del tiempo sabemos que la podremos alcanzar si nos mantenemos unidos y sin perder el horizonte\u201d, as\u00ed lo expuso Jes\u00fas Sierra Arias orador oficial del acto conmemorativo al\u00a0 96 aniversario de la Constituci\u00f3n Pol\u00edtica de los Estados Unidos Mexicanos este 5 de febrero.<\/p>\n<p>&nbsp;<\/p>\n<p>Dar mayor contenido a los derechos, volverlos progresivos y dotarlos de garant\u00edas es tarea que nos corresponde a todos, sin \u00a0excusas, resalt\u00f3 el tambi\u00e9n secretario de Educaci\u00f3n en el Estado.<\/p>\n<p>&nbsp;<\/p>\n<p>En el acto c\u00edvico encabezado por el secretario de gobierno Jes\u00fas Reyna Garc\u00eda, el presidente municipal de Morelia, Wilfrido L\u00e1zaro Medina y el presidente de la Mesa Directiva del Congreso del Estado Fidel Calder\u00f3n Torreblanca, el orador oficial, puntualiz\u00f3 que el contenido de las constituciones de 1857 y 1917 nos obliga reiteradamente a comprometernos m\u00e1s con la paz que es en todo caso, el mayor valor que se debe de inculcar y heredar a nuestros hijos, ya que consider\u00f3 que sin \u00e9ste, se ponen ellos en peligro y la sociedad en su conjunto.<\/p>\n<p>&nbsp;<\/p>\n<p>De igual forma, resalt\u00f3 que la Constituci\u00f3n no es un postulado, sino un instrumento normativo, vivo y din\u00e1mico y puntualiz\u00f3 debe de actualizarse tan pronto como lo hace la sociedad, ello explica, su reforma al art\u00edculo 1 que da paso firme e irreversible a la protecci\u00f3n, respeto, promoci\u00f3n y garant\u00eda de los derechos humanos.<\/p>\n<p>&nbsp;<\/p>\n<p>&nbsp;<\/p>\n<p>&nbsp;<\/p>\n<p>En cumplimiento de ello, el secretario de educaci\u00f3n en el estado, refiri\u00f3 al art\u00edculo tercero constitucional plasmado como derecho fundamental que es el derecho a la educaci\u00f3n, en donde exhort\u00f3 a los presentes a dotar a los menores de las mejores herramientas mediante la educaci\u00f3n de calidad, \u201cSeamos responsables hoy con ellos aspirando a que ellos puedan ser generosos ma\u00f1ana con nosotros\u201d puntualiz\u00f3.<\/p>\n<p>&nbsp;<\/p>\n<p>Jes\u00fas Sierra Arias, record\u00f3 lo expresado por el primer jefe del Ej\u00e9rcito Constitucionalista Venustiano Carranza al Congreso Constituyente para la reforma de la Constituci\u00f3n de 1857, quien expuso como principales motivos para esta modificaci\u00f3n: que el pueblo mexicano alcance el goce de todas las libertades, la ilustraci\u00f3n y progreso que le den lustre y respeto en el extranjero, paz y bienestar en todos los asuntos dom\u00e9sticos, que no existan l\u00edmites entre el estado y el individuo.<\/p>\n<p>&nbsp;<\/p>\n<p>Refiri\u00f3 tambi\u00e9n la necesidad de dar a las instituciones sociales su verdadero valor, se orientar\u00e1 convenientemente la acci\u00f3n de los poderes p\u00fablicos y se terminar\u00e1n h\u00e1bitos y costumbres sociales y pol\u00edticas.<\/p>\n<p>&nbsp;<\/p>\n<p>Al acto c\u00edvico conmemorativo al 96 aniversario de la Constituci\u00f3n pol\u00edtica de los Estados Unidos Mexicanos, tambi\u00e9n asistieron la magistrada Dora Elia Herrej\u00f3n Saucedo presidenta sustituta del Supremo Tribunal de justicia y del Consejo del Poder Judicial en Michoac\u00e1n, el general Teofilo Jos\u00e9 Francisco Guti\u00e9rrez Zu\u00f1iga, coordinador estatal en Michoac\u00e1n de la Polic\u00eda Federal Preventiva, as\u00ed como funcionarios federales, estatales, regidores integrantes del Cabildo de Morelia y funcionario del\u00a0 Ayuntamiento de Moreliano.<\/p>\n","protected":false},"excerpt":{"rendered":"<p>\u201cLos constituyentes de 1857 y de 1917 son ordenamientos que viven y conviven con el pueblo de M\u00e9xico y \u00e9ste, se inspira en ellos para mejorar constantemente su realidad que no termina de ser a la que aspiramos, pero que con el paso del tiempo sabemos que la podremos alcanzar si nos mantenemos unidos y sin perder el horizonte\u201d, as\u00ed lo expuso Jes\u00fas Sierra Arias orador oficial del acto conmemorativo al  96 aniversario de la Constituci\u00f3n Pol\u00edtica de los Estados Unidos Mexicanos este 5 de febrero.<\/p>\n","protected":false},"author":1,"featured_media":0,"comment_status":"open","ping_status":"open","sticky":false,"template":"","format":"standard","meta":{"footnotes":""},"categories":[9],"tags":[],"class_list":["post-1204","post","type-post","status-publish","format-standard","hentry","category-morelia"],"_links":{"self":[{"href":"https:\/\/radiowebmx.com\/nota\/wp-json\/wp\/v2\/posts\/1204","targetHints":{"allow":["GET"]}}],"collection":[{"href":"https:\/\/radiowebmx.com\/nota\/wp-json\/wp\/v2\/posts"}],"about":[{"href":"https:\/\/radiowebmx.com\/nota\/wp-json\/wp\/v2\/types\/post"}],"author":[{"embeddable":true,"href":"https:\/\/radiowebmx.com\/nota\/wp-json\/wp\/v2\/users\/1"}],"replies":[{"embeddable":true,"href":"https:\/\/radiowebmx.com\/nota\/wp-json\/wp\/v2\/comments?post=1204"}],"version-history":[{"count":2,"href":"https:\/\/radiowebmx.com\/nota\/wp-json\/wp\/v2\/posts\/1204\/revisions"}],"predecessor-version":[{"id":1206,"href":"https:\/\/radiowebmx.com\/nota\/wp-json\/wp\/v2\/posts\/1204\/revisions\/1206"}],"wp:attachment":[{"href":"https:\/\/radiowebmx.com\/nota\/wp-json\/wp\/v2\/media?parent=1204"}],"wp:term":[{"taxonomy":"category","embeddable":true,"href":"https:\/\/radiowebmx.com\/nota\/wp-json\/wp\/v2\/categories?post=1204"},{"taxonomy":"post_tag","embeddable":true,"href":"https:\/\/radiowebmx.com\/nota\/wp-json\/wp\/v2\/tags?post=1204"}],"curies":[{"name":"wp","href":"https:\/\/api.w.org\/{rel}","templated":true}]}}