{"id":11927,"date":"2014-11-29T12:22:02","date_gmt":"2014-11-29T18:22:02","guid":{"rendered":"https:\/\/radiowebmx.com\/nota\/?p=11927"},"modified":"2014-12-01T12:30:33","modified_gmt":"2014-12-01T18:30:33","slug":"comienza-en-san-agustin-el-7o-festival-de-la-enchilada-y-la-corunda","status":"publish","type":"post","link":"https:\/\/radiowebmx.com\/nota\/comienza-en-san-agustin-el-7o-festival-de-la-enchilada-y-la-corunda\/","title":{"rendered":"COMIENZA EN \u201cSAN  AGUSTIN\u201d EL 7\u00ba FESTIVAL DE LA ENCHILADA Y LA CORUNDA"},"content":{"rendered":"<p>Con la degustaci\u00f3n gratuita de mil platillos, este d\u00eda inici\u00f3 el 7\u00ba Festival de la Enchilada y la Corunda en el reci\u00e9n remodelado Paseo Gastron\u00f3mico de San Agust\u00edn, as\u00ed naci\u00f3 la fiesta que los morelianos han convertido en tradici\u00f3n.<\/p>\n<p>&nbsp;<\/p>\n<p>Autoridades municipales, encabezadas por el Secretario de Servicios P\u00fablicos, Iv\u00e1n Mois\u00e9s Rodr\u00edguez Medina, en representaci\u00f3n del presidente Wilfrido L\u00e1zaro Medina, y el Secretario de Turismo Estatal, Roberto Monroy Garc\u00eda, inauguraron el Festival que durante los d\u00edas 28, 29 y 30 del mes en curso estar\u00e1 abierto para que la poblaci\u00f3n disfrute de los ricos manjares que elaboran las cocineras tradicionales del legendario mercado de San Agust\u00edn.<\/p>\n<p>&nbsp;<\/p>\n<p>Estamos de manteles largos, dijo Rodr\u00edguez Medina, tras se\u00f1alar que por iniciativa y la gesti\u00f3n de recursos por el orden de los 13 millones de pesos, con instancias del gobierno federal, el edil moreliano consolid\u00f3 la remodelaci\u00f3n de este espacio que fortalece la econom\u00eda de las familias adem\u00e1s de ofrecer al turismo una alternativa m\u00e1s de diversi\u00f3n.<\/p>\n<p>&nbsp;<\/p>\n<p>\u201cAqu\u00ed las cocineras, de manera artesanal usando todav\u00eda carb\u00f3n, cocinan exquisitos platillos\u201d mencion\u00f3 y agradeci\u00f3 al gobierno estatal por el apoyo econ\u00f3mico y el impulso que le da al turismo y a la gastronom\u00eda del municipio.<\/p>\n<p>&nbsp;<\/p>\n<p>Roberto Monroy Garc\u00eda, Secretario de Turismo de la entidad, despu\u00e9s de afirmar el orgullo que siente por las enchiladas t\u00edpicas morelianas, anunci\u00f3 que en 2015 al mercado de dulces se le har\u00e1 justicia con una remodelaci\u00f3n importante que buscar\u00e1 dignificar este espacio que es de los morelianos y tambi\u00e9n de los visitantes.<\/p>\n<p>&nbsp;<\/p>\n<p>\u201cMe gusta presumir que aqu\u00ed hacemos fiesta de todo, como el festival que hoy inauguramos, tenemos 113 municipios y casi 240 celebraciones en Michoac\u00e1n, son pretextos para que logremos una integraci\u00f3n familiar\u201d, dijo.<\/p>\n<p>&nbsp;<\/p>\n<p>En este mismo espacio, Monroy Garc\u00eda dijo que trabajar\u00e1n de manera coordinada con el municipio para\u00a0 que el pr\u00f3ximo a\u00f1o el Festival se eleve a Feria de la Enchilada y la Corunda.<\/p>\n<p>&nbsp;<\/p>\n<p>Lupita Abrego, representante de las cocineras del mercado de San Agust\u00edn, dio la bienvenida a los visitantes al festival y agradeci\u00f3 a nombre de los oferentes de este espacio al presidente Wilfrido L\u00e1zaro Medina \u201cpor arreglar el mercado para tener un mercado digno y hermoso; tener una fuente de trabajo\u00a0 y recibir al turismo y a la gente de Morelia\u201d.<\/p>\n<p>El Festival\u00a0 dio inici\u00f3 con la presentaci\u00f3n de ballet folkl\u00f3rico Akumarech Uraricha; el ballet folkl\u00f3rico de la escuela normal superior de Michoac\u00e1n; y la intervenci\u00f3n del mariachi La Loba.<\/p>\n<p>Para el s\u00e1bado 29, a partir de las 17 horas inicia el programa art\u00edstico musical que concluir\u00e1 hasta las 21 horas con la presentaci\u00f3n del ballet Coyucan del maestro Efra\u00edn Hern\u00e1ndez y el domingo 30 desde las 16 horas se tiene previsto un variado programa cultural y art\u00edstico, en tanto la clausura del evento e tiene prevista para las 18:45 horas y el cierre a las 20 horas, con la presentaci\u00f3n de Roc\u00edo Vega y Jos\u00e9 Luis.<\/p>\n<p>Es importante se\u00f1alar que la degustaci\u00f3n de los exquisitos platillos ser\u00e1 completamente gratuita los tres d\u00edas de celebraci\u00f3n.<\/p>\n","protected":false},"excerpt":{"rendered":"<p>Con la degustaci\u00f3n gratuita de mil platillos, este d\u00eda inici\u00f3 el 7\u00ba Festival de la Enchilada y la Corunda en el reci\u00e9n remodelado Paseo Gastron\u00f3mico de San Agust\u00edn, as\u00ed naci\u00f3 la fiesta que los morelianos han convertido en tradici\u00f3n.<\/p>\n","protected":false},"author":1,"featured_media":11928,"comment_status":"open","ping_status":"open","sticky":false,"template":"","format":"standard","meta":{"footnotes":""},"categories":[1],"tags":[],"class_list":["post-11927","post","type-post","status-publish","format-standard","has-post-thumbnail","hentry","category-sin-categoria"],"_links":{"self":[{"href":"https:\/\/radiowebmx.com\/nota\/wp-json\/wp\/v2\/posts\/11927","targetHints":{"allow":["GET"]}}],"collection":[{"href":"https:\/\/radiowebmx.com\/nota\/wp-json\/wp\/v2\/posts"}],"about":[{"href":"https:\/\/radiowebmx.com\/nota\/wp-json\/wp\/v2\/types\/post"}],"author":[{"embeddable":true,"href":"https:\/\/radiowebmx.com\/nota\/wp-json\/wp\/v2\/users\/1"}],"replies":[{"embeddable":true,"href":"https:\/\/radiowebmx.com\/nota\/wp-json\/wp\/v2\/comments?post=11927"}],"version-history":[{"count":1,"href":"https:\/\/radiowebmx.com\/nota\/wp-json\/wp\/v2\/posts\/11927\/revisions"}],"predecessor-version":[{"id":11929,"href":"https:\/\/radiowebmx.com\/nota\/wp-json\/wp\/v2\/posts\/11927\/revisions\/11929"}],"wp:featuredmedia":[{"embeddable":true,"href":"https:\/\/radiowebmx.com\/nota\/wp-json\/wp\/v2\/media\/11928"}],"wp:attachment":[{"href":"https:\/\/radiowebmx.com\/nota\/wp-json\/wp\/v2\/media?parent=11927"}],"wp:term":[{"taxonomy":"category","embeddable":true,"href":"https:\/\/radiowebmx.com\/nota\/wp-json\/wp\/v2\/categories?post=11927"},{"taxonomy":"post_tag","embeddable":true,"href":"https:\/\/radiowebmx.com\/nota\/wp-json\/wp\/v2\/tags?post=11927"}],"curies":[{"name":"wp","href":"https:\/\/api.w.org\/{rel}","templated":true}]}}