{"id":11881,"date":"2014-12-01T11:01:07","date_gmt":"2014-12-01T17:01:07","guid":{"rendered":"https:\/\/radiowebmx.com\/nota\/?p=11881"},"modified":"2014-12-01T11:01:07","modified_gmt":"2014-12-01T17:01:07","slug":"tzntzuntzan-michoacan-celebro-se-segundo-aniversario-como-pueblo-magico","status":"publish","type":"post","link":"https:\/\/radiowebmx.com\/nota\/tzntzuntzan-michoacan-celebro-se-segundo-aniversario-como-pueblo-magico\/","title":{"rendered":"TZNTZUNTZAN  MICHOAC\u00c1N CELEBRO SE SEGUNDO ANIVERSARIO COMO PUEBLO M\u00c1GICO"},"content":{"rendered":"<p>Tzintzuntzan lleg\u00f3 al aniversario n\u00famero 2, como Pueblo M\u00e1gico, para ello, se realizaron algunas actividades culturales en coordinaci\u00f3n con el comit\u00e9 y el Ayuntamiento, en donde se habl\u00f3 de la falta de apoyo en recurso por parte de la federaci\u00f3n y el estado, ya que este a\u00f1o, no se presentaron grandes obras.<\/p>\n<p>Gerardo Calder\u00f3n Villag\u00f3mez, Presidente Municipal de Tzintzuntzan, indic\u00f3 que una de las obras importantes durante este a\u00f1o, fue la Av. Las Y\u00e1catas que conecta al Antiguo Convento de Santa Ana y las Y\u00e1catas, con una inversi\u00f3n de 2 millones de pesos, en esta primera etapa, y se espera que para el 2015, en la segunda etapa sea de 7 millones de pesos.<\/p>\n<p>Indic\u00f3 que en este segundo aniversario, se analizaron los nuevos lineamientos del programa, para que Tzintzuntzan, se mantenga con el t\u00edtulo, se hicieron mesas de trabajo con el comit\u00e9, se tienen expectativas para ver, qu\u00e9 es lo que se necesita y en los proyectos para el mejoramiento de la imagen urbana.<\/p>\n<p>Destac\u00f3 que para el 2015, se contempla una inversi\u00f3n de 7 millones de pesos para el cableado subterr\u00e1neo, as\u00ed como de 1.5 millones de pesos en promoci\u00f3n para Tzintzuntzan, en donde se tiene un registro de un incremento del 30% en visitantes, durante los 2 \u00faltimos a\u00f1os, de diferentes partes del centro del pa\u00eds, pero tambi\u00e9n de la zona norte.<\/p>\n","protected":false},"excerpt":{"rendered":"<p>Tzintzuntzan lleg\u00f3 al aniversario n\u00famero 2, como Pueblo M\u00e1gico, para ello, se realizaron algunas actividades culturales en coordinaci\u00f3n con el comit\u00e9 y el Ayuntamiento, en donde se habl\u00f3 de la falta de apoyo en recurso por parte de la federaci\u00f3n y el estado, ya que este a\u00f1o, no se presentaron grandes obras.<\/p>\n","protected":false},"author":1,"featured_media":0,"comment_status":"open","ping_status":"open","sticky":false,"template":"","format":"standard","meta":{"footnotes":""},"categories":[1],"tags":[],"class_list":["post-11881","post","type-post","status-publish","format-standard","hentry","category-sin-categoria"],"_links":{"self":[{"href":"https:\/\/radiowebmx.com\/nota\/wp-json\/wp\/v2\/posts\/11881","targetHints":{"allow":["GET"]}}],"collection":[{"href":"https:\/\/radiowebmx.com\/nota\/wp-json\/wp\/v2\/posts"}],"about":[{"href":"https:\/\/radiowebmx.com\/nota\/wp-json\/wp\/v2\/types\/post"}],"author":[{"embeddable":true,"href":"https:\/\/radiowebmx.com\/nota\/wp-json\/wp\/v2\/users\/1"}],"replies":[{"embeddable":true,"href":"https:\/\/radiowebmx.com\/nota\/wp-json\/wp\/v2\/comments?post=11881"}],"version-history":[{"count":2,"href":"https:\/\/radiowebmx.com\/nota\/wp-json\/wp\/v2\/posts\/11881\/revisions"}],"predecessor-version":[{"id":11883,"href":"https:\/\/radiowebmx.com\/nota\/wp-json\/wp\/v2\/posts\/11881\/revisions\/11883"}],"wp:attachment":[{"href":"https:\/\/radiowebmx.com\/nota\/wp-json\/wp\/v2\/media?parent=11881"}],"wp:term":[{"taxonomy":"category","embeddable":true,"href":"https:\/\/radiowebmx.com\/nota\/wp-json\/wp\/v2\/categories?post=11881"},{"taxonomy":"post_tag","embeddable":true,"href":"https:\/\/radiowebmx.com\/nota\/wp-json\/wp\/v2\/tags?post=11881"}],"curies":[{"name":"wp","href":"https:\/\/api.w.org\/{rel}","templated":true}]}}