{"id":1185,"date":"2013-01-15T11:18:45","date_gmt":"2013-01-15T17:18:45","guid":{"rendered":"https:\/\/radiowebmx.com\/nota\/?p=1185"},"modified":"2013-02-05T11:20:12","modified_gmt":"2013-02-05T17:20:12","slug":"asiste-fausto-vallejo-a-apertura-de-segundo-ano-de-trabajo-de-la-lxxii-legislatura-de-michoacan","status":"publish","type":"post","link":"https:\/\/radiowebmx.com\/nota\/asiste-fausto-vallejo-a-apertura-de-segundo-ano-de-trabajo-de-la-lxxii-legislatura-de-michoacan\/","title":{"rendered":"ASISTE FAUSTO VALLEJO A APERTURA DE SEGUNDO A\u00d1O DE TRABAJO DE LA LXXII LEGISLATURA DE MICHOAC\u00c1N"},"content":{"rendered":"<p>El gobernador del estado, Fausto Vallejo Figueroa, acudi\u00f3 a la Sesi\u00f3n Solemne de apertura del segundo a\u00f1o de trabajo legislativo de la Septuag\u00e9sima Segunda Legislatura, donde escuch\u00f3 los posicionamientos de los diputados emanados de las fuerzas pol\u00edticas representadas en el Congreso del estado.<\/p>\n<p>En un marco de respeto y pluralidad, los diputados externaron los objetivos de sus respectivos grupos parlamentarios bajo el siguiente orden: Sarbelio Molina V\u00e9lez, del Partido Nueva Alianza; Reginaldo Sandoval Flores, del Partido del Trabajo; C\u00e9sar Morales Gayt\u00e1n, del Verde Ecologista; Bertha L\u00f3pez Aceves, de Acci\u00f3n Nacional; Armando Hurtado Ar\u00e9valo, del Partido de la Revoluci\u00f3n Democr\u00e1tica y Salom\u00f3n Rosales Reyes, del Partido Revolucionario Institucional.<\/p>\n<p>En sus pronunciamientos, los legisladores michoacanos coincidieron en la construcci\u00f3n de una agenda com\u00fan, conformada por acuerdos entre los diferentes poderes y sectores, que tenga como fin \u00faltimo el desarrollo de Michoac\u00e1n y como premisa el beneficio de los ciudadanos.<\/p>\n<p>Desde la visi\u00f3n de cada una de sus fracciones parlamentarias, los diputados conminaron a los michoacanos y a los tres Poderes del Estado, a construir pactos y acuerdos que tienen como base el respeto, la pluralidad, la tolerancia, la civilidad y la democracia.<\/p>\n<p>Estuvieron presentes en esta sesi\u00f3n, el presidente del Supremo Tribunal de Justicia del estado, Alejandro Gonz\u00e1lez G\u00f3mez, as\u00ed como magistrados del Poder Judicial, legisladores federales e integrantes del gabinete legal y ampliado del gobierno estatal.<\/p>\n<p>&nbsp;<\/p>\n","protected":false},"excerpt":{"rendered":"<p>El gobernador del estado, Fausto Vallejo Figueroa, acudi\u00f3 a la Sesi\u00f3n Solemne de apertura del segundo a\u00f1o de trabajo legislativo de la Septuag\u00e9sima Segunda Legislatura, donde escuch\u00f3 los posicionamientos de los diputados emanados de las fuerzas pol\u00edticas representadas en el Congreso del estado.<\/p>\n","protected":false},"author":1,"featured_media":0,"comment_status":"open","ping_status":"open","sticky":false,"template":"","format":"standard","meta":{"footnotes":""},"categories":[3],"tags":[],"class_list":["post-1185","post","type-post","status-publish","format-standard","hentry","category-gobierno-del-estado-de-michoacan"],"_links":{"self":[{"href":"https:\/\/radiowebmx.com\/nota\/wp-json\/wp\/v2\/posts\/1185","targetHints":{"allow":["GET"]}}],"collection":[{"href":"https:\/\/radiowebmx.com\/nota\/wp-json\/wp\/v2\/posts"}],"about":[{"href":"https:\/\/radiowebmx.com\/nota\/wp-json\/wp\/v2\/types\/post"}],"author":[{"embeddable":true,"href":"https:\/\/radiowebmx.com\/nota\/wp-json\/wp\/v2\/users\/1"}],"replies":[{"embeddable":true,"href":"https:\/\/radiowebmx.com\/nota\/wp-json\/wp\/v2\/comments?post=1185"}],"version-history":[{"count":1,"href":"https:\/\/radiowebmx.com\/nota\/wp-json\/wp\/v2\/posts\/1185\/revisions"}],"predecessor-version":[{"id":1186,"href":"https:\/\/radiowebmx.com\/nota\/wp-json\/wp\/v2\/posts\/1185\/revisions\/1186"}],"wp:attachment":[{"href":"https:\/\/radiowebmx.com\/nota\/wp-json\/wp\/v2\/media?parent=1185"}],"wp:term":[{"taxonomy":"category","embeddable":true,"href":"https:\/\/radiowebmx.com\/nota\/wp-json\/wp\/v2\/categories?post=1185"},{"taxonomy":"post_tag","embeddable":true,"href":"https:\/\/radiowebmx.com\/nota\/wp-json\/wp\/v2\/tags?post=1185"}],"curies":[{"name":"wp","href":"https:\/\/api.w.org\/{rel}","templated":true}]}}