{"id":1183,"date":"2013-01-14T11:16:55","date_gmt":"2013-01-14T17:16:55","guid":{"rendered":"https:\/\/radiowebmx.com\/nota\/?p=1183"},"modified":"2013-02-05T11:18:37","modified_gmt":"2013-02-05T17:18:37","slug":"previo-a-su-primer-informe-fausto-vallejo-alista-reuniones-de-trabajo-con-sectores-empresariales-autoridades-federales-y-municipales","status":"publish","type":"post","link":"https:\/\/radiowebmx.com\/nota\/previo-a-su-primer-informe-fausto-vallejo-alista-reuniones-de-trabajo-con-sectores-empresariales-autoridades-federales-y-municipales\/","title":{"rendered":"PREVIO A SU PRIMER INFORME, FAUSTO VALLEJO ALISTA REUNIONES DE TRABAJO CON SECTORES EMPRESARIALES, AUTORIDADES FEDERALES Y MUNICIPALES"},"content":{"rendered":"<p>Este lunes el gobernador de Michoac\u00e1n, Fausto Vallejo Figueroa, anunci\u00f3 que durante este mes realizar\u00e1 una serie de visitas a la ciudad de M\u00e9xico para reunirse con funcionarios federales, organismos empresariales, representantes sindicales y acudir\u00e1 a diversos municipios michoacanos, a fin de tratar temas relacionados con el desarrollo socioecon\u00f3mico de la entidad.<\/p>\n<p>En reuni\u00f3n con su gabinete legal, el mandatario michoacano y los titulares de las dependencias revisaron los contenidos de lo que ser\u00e1 el Primer Informe de Gobierno, as\u00ed como el presupuesto a ejercer en este 2013.<\/p>\n<p>Durante este encuentro, destac\u00f3 la voluntad de los funcionarios estatales para trabajar conforme al Acuerdo Emergente de Austeridad, privilegiando la transparencia, rendici\u00f3n de cuentas y creatividad para entregar resultados a la ciudadan\u00eda.<\/p>\n<p>&nbsp;<\/p>\n<p>&nbsp;<\/p>\n<p>&nbsp;<\/p>\n","protected":false},"excerpt":{"rendered":"<p>Este lunes el gobernador de Michoac\u00e1n, Fausto Vallejo Figueroa, anunci\u00f3 que durante este mes realizar\u00e1 una serie de visitas a la ciudad de M\u00e9xico para reunirse con funcionarios federales, organismos empresariales, representantes sindicales y acudir\u00e1 a diversos municipios michoacanos, a fin de tratar temas relacionados con el desarrollo socioecon\u00f3mico de la entidad.<\/p>\n","protected":false},"author":1,"featured_media":0,"comment_status":"open","ping_status":"open","sticky":false,"template":"","format":"standard","meta":{"footnotes":""},"categories":[3],"tags":[],"class_list":["post-1183","post","type-post","status-publish","format-standard","hentry","category-gobierno-del-estado-de-michoacan"],"_links":{"self":[{"href":"https:\/\/radiowebmx.com\/nota\/wp-json\/wp\/v2\/posts\/1183","targetHints":{"allow":["GET"]}}],"collection":[{"href":"https:\/\/radiowebmx.com\/nota\/wp-json\/wp\/v2\/posts"}],"about":[{"href":"https:\/\/radiowebmx.com\/nota\/wp-json\/wp\/v2\/types\/post"}],"author":[{"embeddable":true,"href":"https:\/\/radiowebmx.com\/nota\/wp-json\/wp\/v2\/users\/1"}],"replies":[{"embeddable":true,"href":"https:\/\/radiowebmx.com\/nota\/wp-json\/wp\/v2\/comments?post=1183"}],"version-history":[{"count":1,"href":"https:\/\/radiowebmx.com\/nota\/wp-json\/wp\/v2\/posts\/1183\/revisions"}],"predecessor-version":[{"id":1184,"href":"https:\/\/radiowebmx.com\/nota\/wp-json\/wp\/v2\/posts\/1183\/revisions\/1184"}],"wp:attachment":[{"href":"https:\/\/radiowebmx.com\/nota\/wp-json\/wp\/v2\/media?parent=1183"}],"wp:term":[{"taxonomy":"category","embeddable":true,"href":"https:\/\/radiowebmx.com\/nota\/wp-json\/wp\/v2\/categories?post=1183"},{"taxonomy":"post_tag","embeddable":true,"href":"https:\/\/radiowebmx.com\/nota\/wp-json\/wp\/v2\/tags?post=1183"}],"curies":[{"name":"wp","href":"https:\/\/api.w.org\/{rel}","templated":true}]}}