{"id":11805,"date":"2014-11-27T14:39:21","date_gmt":"2014-11-27T20:39:21","guid":{"rendered":"https:\/\/radiowebmx.com\/nota\/?p=11805"},"modified":"2014-11-27T14:39:22","modified_gmt":"2014-11-27T20:39:22","slug":"esion-de-cabildo-miercoles-26-de-noviembre%e2%80%8f","status":"publish","type":"post","link":"https:\/\/radiowebmx.com\/nota\/esion-de-cabildo-miercoles-26-de-noviembre%e2%80%8f\/","title":{"rendered":"ESION DE CABILDO MIERCOLES 26 DE NOVIEMBRE\u200f"},"content":{"rendered":"<p><b>\u00a0<\/b>Con fundamento a lo establecido en la Ley Org\u00e1nica Municipal,\u00a0 las diferentes comisiones de trabajo que integran el Cabildo Municipal de Morelia, presentaron el informe anual de actividades correspondientes al ejercicio 2014.<\/p>\n<p>&nbsp;<\/p>\n<p>En sesi\u00f3n ordinaria de Cabildo, se present\u00f3 adem\u00e1s la solicitud hecha por parte de la Asociaci\u00f3n de Box, Lucha Libre y Artes Marciales Mixtas profesionales de Morelia,\u00a0 para la creaci\u00f3n del\u00a0 reglamento de estas artes y deporte y as\u00ed sentar precedente del trabajo que se ha realizado en beneficio de estas disciplinas, misma que fue turnada a la comisi\u00f3n de Mujer, Juventud y Deporte as\u00ed como a la Comisi\u00f3n de Salud.<\/p>\n<p>&nbsp;<\/p>\n<p>De acuerdo con la regidora Marbella Romero, en el municipio existen alrededor de 40 gimnasios donde se realizan peleas de entrenamiento e incluso se han detectado eventos clandestinos ante la falta de una normatividad que los regule, de ah\u00ed que expres\u00f3 su apoyo a la asociaci\u00f3n de Box para trabajar en el ordenamiento de esta actividad.<\/p>\n<p>&nbsp;<\/p>\n<p>De la misma forma, el m\u00e1ximo \u00f3rgano colegiado, determin\u00f3 encausar a la Comisi\u00f3n de Planeaci\u00f3n, Programaci\u00f3n y Desarrollo, adem\u00e1s de la de Ecolog\u00eda,\u00a0 el proyecto presentado por el regidor Miguel \u00c1ngel Villegas Soto que contempla arrancar la campa\u00f1a \u201cLunes en Bici\u201d.<\/p>\n<p>&nbsp;<\/p>\n<p>Previo a la clausura de la sesi\u00f3n, el presidente municipal, Wilfrido L\u00e1zaro Medina, hizo un reconocimiento a quienes integran el Consejo Municipal de \u00a0Ecolog\u00eda de Morelia recientemente creada el 20 de noviembre, donde comparti\u00f3 que ha recibido buenos comentarios por parte de la federaci\u00f3n y del gobierno del estado por el cumplimiento de los reglamentos en esta materia.<\/p>\n","protected":false},"excerpt":{"rendered":"<p> Con fundamento a lo establecido en la Ley Org\u00e1nica Municipal,  las diferentes comisiones de trabajo que integran el Cabildo Municipal de Morelia, presentaron el informe anual de actividades correspondientes al ejercicio 2014.<\/p>\n","protected":false},"author":1,"featured_media":11806,"comment_status":"open","ping_status":"open","sticky":false,"template":"","format":"standard","meta":{"footnotes":""},"categories":[1],"tags":[],"class_list":["post-11805","post","type-post","status-publish","format-standard","has-post-thumbnail","hentry","category-sin-categoria"],"_links":{"self":[{"href":"https:\/\/radiowebmx.com\/nota\/wp-json\/wp\/v2\/posts\/11805","targetHints":{"allow":["GET"]}}],"collection":[{"href":"https:\/\/radiowebmx.com\/nota\/wp-json\/wp\/v2\/posts"}],"about":[{"href":"https:\/\/radiowebmx.com\/nota\/wp-json\/wp\/v2\/types\/post"}],"author":[{"embeddable":true,"href":"https:\/\/radiowebmx.com\/nota\/wp-json\/wp\/v2\/users\/1"}],"replies":[{"embeddable":true,"href":"https:\/\/radiowebmx.com\/nota\/wp-json\/wp\/v2\/comments?post=11805"}],"version-history":[{"count":1,"href":"https:\/\/radiowebmx.com\/nota\/wp-json\/wp\/v2\/posts\/11805\/revisions"}],"predecessor-version":[{"id":11807,"href":"https:\/\/radiowebmx.com\/nota\/wp-json\/wp\/v2\/posts\/11805\/revisions\/11807"}],"wp:featuredmedia":[{"embeddable":true,"href":"https:\/\/radiowebmx.com\/nota\/wp-json\/wp\/v2\/media\/11806"}],"wp:attachment":[{"href":"https:\/\/radiowebmx.com\/nota\/wp-json\/wp\/v2\/media?parent=11805"}],"wp:term":[{"taxonomy":"category","embeddable":true,"href":"https:\/\/radiowebmx.com\/nota\/wp-json\/wp\/v2\/categories?post=11805"},{"taxonomy":"post_tag","embeddable":true,"href":"https:\/\/radiowebmx.com\/nota\/wp-json\/wp\/v2\/tags?post=11805"}],"curies":[{"name":"wp","href":"https:\/\/api.w.org\/{rel}","templated":true}]}}