{"id":1180,"date":"2013-01-11T11:15:39","date_gmt":"2013-01-11T17:15:39","guid":{"rendered":"https:\/\/radiowebmx.com\/nota\/?p=1180"},"modified":"2013-02-05T11:15:58","modified_gmt":"2013-02-05T17:15:58","slug":"acompana-fausto-vallejo-a-presidente-de-la-republica-en-95-aniversario-de-concanaco-servytur-2","status":"publish","type":"post","link":"https:\/\/radiowebmx.com\/nota\/acompana-fausto-vallejo-a-presidente-de-la-republica-en-95-aniversario-de-concanaco-servytur-2\/","title":{"rendered":"ACOMPA\u00d1A FAUSTO VALLEJO A PRESIDENTE DE LA REP\u00daBLICA EN 95 ANIVERSARIO DE CONCANACO SERVYTUR"},"content":{"rendered":"<p>El gobernador del estado, Fausto Vallejo Figueroa, acompa\u00f1\u00f3 al presidente de la Rep\u00fablica, Enrique Pe\u00f1a Nieto, al 95 aniversario de la Confederaci\u00f3n de C\u00e1maras Nacionales de Comercio, Servicios y Turismo (CONCANACO-SERVYTUR).<\/p>\n<p>Durante el encuentro que encabez\u00f3 adem\u00e1s, Jorge D\u00e1vila Flores, presidente de dicha Confederaci\u00f3n, Vallejo Figueroa hizo un amplio reconocimiento al comercio organizado de M\u00e9xico, que adem\u00e1s de generar empleos, act\u00faa con mucha responsabilidad en el cumplimiento de sus obligaciones fiscales y legales con lo que se contribuye al desarrollo de Michoac\u00e1n y del pa\u00eds.<\/p>\n<p>El gobernador Fausto Vallejo dej\u00f3 en claro que para su gobierno es una prioridad quitarle obst\u00e1culos al empleo y dar a los inversionistas todas las facilidades que permite la Ley para que contin\u00faen con la creaci\u00f3n de nuevas fuentes de trabajo para Michoac\u00e1n.<\/p>\n<p>Acompa\u00f1ado por Ricardo Mart\u00ednez Su\u00e1rez, secretario de Desarrollo Econ\u00f3mico y de Roberto Monroy Garc\u00eda, titular de la Secretar\u00eda de Turismo, el mandatario estatal reconoci\u00f3 tambi\u00e9n a destacados michoacanos que forman parte de la CONCANACO y que son importantes generadores de empleo en la entidad, tal es el caso de Carlos G\u00e1lvez Herrera, vicepresidente nacional de Planeaci\u00f3n y Proyectos PYME, de la Confederaci\u00f3n y Jos\u00e9 Maldonado L\u00f3pez, presidente de CANACO-SERVYTUR Morelia, con quienes tuvo oportunidad de intercambiar puntos de vista al t\u00e9rmino de la comida que presidi\u00f3 el mandatario federal, Enrique Pe\u00f1a Nieto.<\/p>\n<p>Tambi\u00e9n acudieron al evento destacadas personalidades de nuestro estado, como la diputada local Daniela de los Santos Torres; Agust\u00edn Rebollar Cruz, director de CANACO Morelia, y Pedro Plancarte, presidente de la CANACO Uruapan, entre otros.<\/p>\n<p>Finalmente, Vallejo Figueroa reconoci\u00f3 el trabajo que ha realizado al frente de la CONCANACO-SERVYTUR, Jorge D\u00e1vila Flores, e hizo votos para que su labor fortalezca las pol\u00edticas de promoci\u00f3n del empleo y de apoyo a los emprendedores que ha implementado el presidente Pe\u00f1a Nieto.<\/p>\n<p>En el marco del 95 aniversario de la CONCANACO-SERVYTUR, el mandatario federal, Enrique Pe\u00f1a se\u00f1al\u00f3 que M\u00e9xico tiene el potencial para situarse entre las econom\u00edas con mayor crecimiento y dinamismo en los pr\u00f3ximos a\u00f1os. Lo anterior, a trav\u00e9s de una pol\u00edtica que brinde un apoyo integral a emprendedores y a las micro, peque\u00f1as y medianas empresas.<\/p>\n","protected":false},"excerpt":{"rendered":"<p>El gobernador del estado, Fausto Vallejo Figueroa, acompa\u00f1\u00f3 al presidente de la Rep\u00fablica, Enrique Pe\u00f1a Nieto, al 95 aniversario de la Confederaci\u00f3n de C\u00e1maras Nacionales de Comercio, Servicios y Turismo (CONCANACO-SERVYTUR). Durante el encuentro que encabez\u00f3 adem\u00e1s, Jorge D\u00e1vila Flores, presidente de dicha Confederaci\u00f3n, Vallejo Figueroa hizo un amplio reconocimiento al comercio organizado de M\u00e9xico, [&hellip;]<\/p>\n","protected":false},"author":1,"featured_media":0,"comment_status":"open","ping_status":"open","sticky":false,"template":"","format":"standard","meta":{"footnotes":""},"categories":[3],"tags":[],"class_list":["post-1180","post","type-post","status-publish","format-standard","hentry","category-gobierno-del-estado-de-michoacan"],"_links":{"self":[{"href":"https:\/\/radiowebmx.com\/nota\/wp-json\/wp\/v2\/posts\/1180","targetHints":{"allow":["GET"]}}],"collection":[{"href":"https:\/\/radiowebmx.com\/nota\/wp-json\/wp\/v2\/posts"}],"about":[{"href":"https:\/\/radiowebmx.com\/nota\/wp-json\/wp\/v2\/types\/post"}],"author":[{"embeddable":true,"href":"https:\/\/radiowebmx.com\/nota\/wp-json\/wp\/v2\/users\/1"}],"replies":[{"embeddable":true,"href":"https:\/\/radiowebmx.com\/nota\/wp-json\/wp\/v2\/comments?post=1180"}],"version-history":[{"count":2,"href":"https:\/\/radiowebmx.com\/nota\/wp-json\/wp\/v2\/posts\/1180\/revisions"}],"predecessor-version":[{"id":1182,"href":"https:\/\/radiowebmx.com\/nota\/wp-json\/wp\/v2\/posts\/1180\/revisions\/1182"}],"wp:attachment":[{"href":"https:\/\/radiowebmx.com\/nota\/wp-json\/wp\/v2\/media?parent=1180"}],"wp:term":[{"taxonomy":"category","embeddable":true,"href":"https:\/\/radiowebmx.com\/nota\/wp-json\/wp\/v2\/categories?post=1180"},{"taxonomy":"post_tag","embeddable":true,"href":"https:\/\/radiowebmx.com\/nota\/wp-json\/wp\/v2\/tags?post=1180"}],"curies":[{"name":"wp","href":"https:\/\/api.w.org\/{rel}","templated":true}]}}