{"id":11771,"date":"2014-11-26T13:38:30","date_gmt":"2014-11-26T19:38:30","guid":{"rendered":"https:\/\/radiowebmx.com\/nota\/?p=11771"},"modified":"2014-11-26T13:38:30","modified_gmt":"2014-11-26T19:38:30","slug":"ninos-y-jovenes-morelianos-disfrutaron-de-la-visita-de-chucho-ramirez-a-la-capital-michoacana","status":"publish","type":"post","link":"https:\/\/radiowebmx.com\/nota\/ninos-y-jovenes-morelianos-disfrutaron-de-la-visita-de-chucho-ramirez-a-la-capital-michoacana\/","title":{"rendered":"NI\u00d1OS Y JOVENES MORELIANOS DISFRUTARON DE LA VISITA DE CHUCHO RAM\u00cdREZ A LA CAPITAL MICHOACANA"},"content":{"rendered":"<p>Como parte de las 200 acciones que el gobierno federal implementa en la entidad para la reconstrucci\u00f3n del\u00a0 tejido social dentro del Plan Michoac\u00e1n, se present\u00f3 en Morelia el ex futbolista y entrenador de la Selecci\u00f3n Juvenil de M\u00e9xico sub 17, Jes\u00fas \u201cChucho\u201d Ram\u00edrez, en un evento coordinado por el gobierno que encabeza Wilfrido L\u00e1zaro Medina y la Delegaci\u00f3n de SEDATU en la entidad.<\/p>\n<p>&nbsp;<\/p>\n<p>Decenas de ni\u00f1os, j\u00f3venes y sus familias escucharon atentos las palabras del destacado deportista mexicano, quien dirigi\u00f3 las selecciones juveniles de M\u00e9xico, ganando un mundial de la categor\u00eda Sub-17 en Per\u00fa 2005 y llegando despu\u00e9s a la Selecci\u00f3n Mexicana Mayor en el 2008.<\/p>\n<p>&nbsp;<\/p>\n<p>Con la representaci\u00f3n del edil moreliano, el Secretario de Desarrollo Social del municipio, Carlos Hern\u00e1ndez L\u00f3pez y el Delegado en Michoac\u00e1n de la Secretaria de Desarrollo Agrario, Territorial y Urbano (SEDATU), Jes\u00fas Ram\u00f3n Camacho Dom\u00ednguez, encabezaron este evento que reuni\u00f3 a decenas de chicos futbolistas que aspiran a desarrollarse en ese deporte a nivel profesional.<\/p>\n<p>&nbsp;<\/p>\n<p>El objetivo de este acercamiento con ni\u00f1os y j\u00f3venes morelianos que participan en las diferentes ligas de futbol del municipio fue propiciar en ellos actitudes de liderazgo y responsabilidad, promover que se fijen metas y las cumplan con el apoyo integral de la familia, en un trabajo de equipo que adem\u00e1s de propiciar un cambio de mentalidad contribuya al fortalecimiento de la sociedad, seg\u00fan lo explic\u00f3 el propio Chucho Ram\u00edrez a trav\u00e9s de su conferencia.<\/p>\n<p>&nbsp;<\/p>\n<p>A\u00a0ra\u00edz de que en el 2005 M\u00e9xico obtuvo por primera vez en su historia el Campeonato Mundial de F\u00fatbol Sub-17, Jes\u00fas Ram\u00edrez ha impartido m\u00e1s de 200 conferencias en Empresas y Organizaciones exitosas.<\/p>\n<p>&nbsp;<\/p>\n<p>Algunos l\u00edderes solicitaron a Chucho que se plasmara en un sistema la metodolog\u00eda empleada para ser campe\u00f3n del mundo, de tal manera que pudiera ser utilizada por cualquier Organizaci\u00f3n, ya sea de manufactura o de servicios, grande, mediana o peque\u00f1a para lograr ser competitivos.<\/p>\n<p>&nbsp;<\/p>\n<p>As\u00ed es como Jes\u00fas &#8220;Chucho&#8221; Ram\u00edrez y \u00a0Rub\u00e9n Rodr\u00edguez crean el Centro de Alto Rendimiento Empresarial, el cual es una fusi\u00f3n de la misi\u00f3n y experiencia de Jes\u00fas Ram\u00edrez, que hoy pudieron compartirse con decenas de ni\u00f1os y ni\u00f1as morelianos.<\/p>\n","protected":false},"excerpt":{"rendered":"<p>Como parte de las 200 acciones que el gobierno federal implementa en la entidad para la reconstrucci\u00f3n del  tejido social dentro del Plan Michoac\u00e1n, se present\u00f3 en Morelia el ex futbolista y entrenador de la Selecci\u00f3n Juvenil de M\u00e9xico sub 17,<\/p>\n","protected":false},"author":1,"featured_media":11772,"comment_status":"open","ping_status":"open","sticky":false,"template":"","format":"standard","meta":{"footnotes":""},"categories":[14,9],"tags":[],"class_list":["post-11771","post","type-post","status-publish","format-standard","has-post-thumbnail","hentry","category-destacadas","category-morelia"],"_links":{"self":[{"href":"https:\/\/radiowebmx.com\/nota\/wp-json\/wp\/v2\/posts\/11771","targetHints":{"allow":["GET"]}}],"collection":[{"href":"https:\/\/radiowebmx.com\/nota\/wp-json\/wp\/v2\/posts"}],"about":[{"href":"https:\/\/radiowebmx.com\/nota\/wp-json\/wp\/v2\/types\/post"}],"author":[{"embeddable":true,"href":"https:\/\/radiowebmx.com\/nota\/wp-json\/wp\/v2\/users\/1"}],"replies":[{"embeddable":true,"href":"https:\/\/radiowebmx.com\/nota\/wp-json\/wp\/v2\/comments?post=11771"}],"version-history":[{"count":1,"href":"https:\/\/radiowebmx.com\/nota\/wp-json\/wp\/v2\/posts\/11771\/revisions"}],"predecessor-version":[{"id":11773,"href":"https:\/\/radiowebmx.com\/nota\/wp-json\/wp\/v2\/posts\/11771\/revisions\/11773"}],"wp:featuredmedia":[{"embeddable":true,"href":"https:\/\/radiowebmx.com\/nota\/wp-json\/wp\/v2\/media\/11772"}],"wp:attachment":[{"href":"https:\/\/radiowebmx.com\/nota\/wp-json\/wp\/v2\/media?parent=11771"}],"wp:term":[{"taxonomy":"category","embeddable":true,"href":"https:\/\/radiowebmx.com\/nota\/wp-json\/wp\/v2\/categories?post=11771"},{"taxonomy":"post_tag","embeddable":true,"href":"https:\/\/radiowebmx.com\/nota\/wp-json\/wp\/v2\/tags?post=11771"}],"curies":[{"name":"wp","href":"https:\/\/api.w.org\/{rel}","templated":true}]}}