{"id":11757,"date":"2014-11-26T13:09:33","date_gmt":"2014-11-26T19:09:33","guid":{"rendered":"https:\/\/radiowebmx.com\/nota\/?p=11757"},"modified":"2014-11-26T13:09:33","modified_gmt":"2014-11-26T19:09:33","slug":"impulsa-ayuntamiento-produccion-mezcalera-invita-al-encuentro-nacional-de-mezcal-2014","status":"publish","type":"post","link":"https:\/\/radiowebmx.com\/nota\/impulsa-ayuntamiento-produccion-mezcalera-invita-al-encuentro-nacional-de-mezcal-2014\/","title":{"rendered":"IMPULSA AYUNTAMIENTO PRODUCCI\u00d3N MEZCALERA; INVITA AL ENCUENTRO NACIONAL DE MEZCAL 2014"},"content":{"rendered":"<p>Del 28 al 30 de noviembre, a partir de las 10:00 horas, el Centro de Convenciones y Exposiciones de Morelia ser\u00e1 sede del Encuentro Nacional del Mezcal 2014, con la exhibici\u00f3n de 98 marcas de productos destilados de todo el pa\u00eds, catas, conferencias, demostraciones gastron\u00f3micas y la presencia de la marca colectiva del Queso Cotija, adem\u00e1s de actividades culturales y musicales.<\/p>\n<p>&nbsp;<\/p>\n<p>El presidente municipal de Morelia, Wilfrido L\u00e1zaro Medina, expres\u00f3 que gracias a la Suma de Vokuntades de los tres niveles de gobierno, los mezcaleros del municipio, el estado y pa\u00eds tendr\u00e1n la oportunidad de exponer y comercializar los productos y coment\u00f3 que una de las metas del Plan Municipal de Desarrollo 2012-2015, era obtener la denominaci\u00f3n de origen, que se obtuvo desde hace dos a\u00f1os.<\/p>\n<p>&nbsp;<\/p>\n<p>El secretario de Desarrollo Rural en el estado, Jaime Rodr\u00edguez L\u00f3pez, explic\u00f3 que 29 municipios de la entidad cuentan con denominaci\u00f3n de origen, y el segundo m\u00e1s fuerte es Morelia: \u201cQuiero agradecer y reconocer a Wilfrido L\u00e1zaro que junto con el Cabildo haya acordado realizar este evento de gran trascendencia, no s\u00f3lo para Michoac\u00e1n, sino para M\u00e9xico, por lo que el mezcal ahora significa\u201d, afirm\u00f3.<\/p>\n<p>&nbsp;<\/p>\n<p>El secretario de Fomento Econ\u00f3mico municipal, Luis Navarro Garc\u00eda, coment\u00f3 que tambi\u00e9n participar\u00e1n en el encuentro, productores de raicilla de Jalisco, sotol de Chihuahua y Coahuila, as\u00ed como bacanora de Sonora y mezcaleros de ocho estados que cuentan con la denominaci\u00f3n de origen, entre ellos Michoac\u00e1n.<\/p>\n<p>&nbsp;<\/p>\n<p>En representaci\u00f3n de la Delegaci\u00f3n Federal de Econom\u00eda en el estado, Karina Rosales Rodr\u00edguez, inform\u00f3 que la inversi\u00f3n total para la edici\u00f3n 2014 es de 1 mill\u00f3n 155 mil 693 pesos, por lo que invit\u00f3 a la ciudadan\u00eda a acudir y as\u00ed lograr la afluencia e impacto que se ha esperado. Asimismo, realiz\u00f3 la entrega simb\u00f3lica de la aportaci\u00f3n del Instituto Nacional del Emprendedor (Inadem), de 694 mil 416 pesos, para el ayuntamiento moreliano.<\/p>\n<p>&nbsp;<\/p>\n<p>Finalmente, Emilio Vieyra Vargas, representante mezcalero, agradeci\u00f3 los esfuerzos del actual Gobierno Municipal para traer a la capital michoacana el evento m\u00e1s importante para los productores michoacanos de destilados, que les permitir\u00e1 proyectarse a nivel nacional e internacional. De igual forma, lo hizo el presidente de la Uni\u00f3n de Mezcaleros del Estado de Michoac\u00e1n, Jos\u00e9 Valente P\u00e9rez Rodr\u00edguez.<\/p>\n","protected":false},"excerpt":{"rendered":"<p>Del 28 al 30 de noviembre, a partir de las 10:00 horas, el Centro de Convenciones y Exposiciones de Morelia ser\u00e1 sede del Encuentro Nacional del Mezcal 2014, con la exhibici\u00f3n de 98 marcas de productos destilados de todo el pa\u00eds, catas, <\/p>\n","protected":false},"author":1,"featured_media":11758,"comment_status":"open","ping_status":"open","sticky":false,"template":"","format":"standard","meta":{"footnotes":""},"categories":[14,9],"tags":[],"class_list":["post-11757","post","type-post","status-publish","format-standard","has-post-thumbnail","hentry","category-destacadas","category-morelia"],"_links":{"self":[{"href":"https:\/\/radiowebmx.com\/nota\/wp-json\/wp\/v2\/posts\/11757","targetHints":{"allow":["GET"]}}],"collection":[{"href":"https:\/\/radiowebmx.com\/nota\/wp-json\/wp\/v2\/posts"}],"about":[{"href":"https:\/\/radiowebmx.com\/nota\/wp-json\/wp\/v2\/types\/post"}],"author":[{"embeddable":true,"href":"https:\/\/radiowebmx.com\/nota\/wp-json\/wp\/v2\/users\/1"}],"replies":[{"embeddable":true,"href":"https:\/\/radiowebmx.com\/nota\/wp-json\/wp\/v2\/comments?post=11757"}],"version-history":[{"count":1,"href":"https:\/\/radiowebmx.com\/nota\/wp-json\/wp\/v2\/posts\/11757\/revisions"}],"predecessor-version":[{"id":11759,"href":"https:\/\/radiowebmx.com\/nota\/wp-json\/wp\/v2\/posts\/11757\/revisions\/11759"}],"wp:featuredmedia":[{"embeddable":true,"href":"https:\/\/radiowebmx.com\/nota\/wp-json\/wp\/v2\/media\/11758"}],"wp:attachment":[{"href":"https:\/\/radiowebmx.com\/nota\/wp-json\/wp\/v2\/media?parent=11757"}],"wp:term":[{"taxonomy":"category","embeddable":true,"href":"https:\/\/radiowebmx.com\/nota\/wp-json\/wp\/v2\/categories?post=11757"},{"taxonomy":"post_tag","embeddable":true,"href":"https:\/\/radiowebmx.com\/nota\/wp-json\/wp\/v2\/tags?post=11757"}],"curies":[{"name":"wp","href":"https:\/\/api.w.org\/{rel}","templated":true}]}}