{"id":11754,"date":"2014-11-26T13:04:11","date_gmt":"2014-11-26T19:04:11","guid":{"rendered":"https:\/\/radiowebmx.com\/nota\/?p=11754"},"modified":"2014-11-26T13:04:11","modified_gmt":"2014-11-26T19:04:11","slug":"reconoce-ayuntamiento-de-morelia-a-mujeres-trabajadoras","status":"publish","type":"post","link":"https:\/\/radiowebmx.com\/nota\/reconoce-ayuntamiento-de-morelia-a-mujeres-trabajadoras\/","title":{"rendered":"RECONOCE AYUNTAMIENTO DE MORELIA A MUJERES TRABAJADORAS"},"content":{"rendered":"<p>Al conmemorar el D\u00eda Internacional de la Eliminaci\u00f3n de la Violencia contra la Mujer, el gobierno municipal une sus voces para hacer un reconocimiento a las morelianas que han decidido dar un cambio positivo a sus vidas, as\u00ed lo manifest\u00f3 el presidente municipal, Wilfrido L\u00e1zaro Medina.<\/p>\n<p>&nbsp;<\/p>\n<p>En el marco de la inauguraci\u00f3n del Bazar Artesanal y de Manualidades donde mujeres morelianas dan una muestra del resultado de su aprendizaje en los diversos talleres de manualidades y autoempleo, el alcalde de la comuna agradeci\u00f3 la confianza depositada a las instancias gubernamentales pasa salir adelante.<\/p>\n<p>&nbsp;<\/p>\n<p>L\u00e1zaro Medina resalt\u00f3 que, en la entidad, las mujeres han sufrido violencia y ante tan dif\u00edcil situaci\u00f3n, reconoci\u00f3 el trabajo y los instrumentos que el gobierno aplica para intervenir y erradicar ese latente atropello a sus derechos humanos.<\/p>\n<p>&nbsp;<\/p>\n<p>A trav\u00e9s del Instituto de la Mujer Moreliana, inform\u00f3 el alcalde, se ha promovido la cultura de equidad de g\u00e9nero, se ha abierto una puerta para brindar todos los d\u00edas, apoyo jur\u00eddico, psicol\u00f3gico o de capacitaci\u00f3n a toda mujer que se acerque.<\/p>\n<p>&nbsp;<\/p>\n<p>Cumpliendo con la labor social, durante esta administraci\u00f3n, esta oficina municipal ha crecido en un nueve por ciento su registro de asistencia en referencia al a\u00f1o anterior, reflejada en la atenci\u00f3n de 33 mil 230 mujeres en temas como divorcio, custodia y convivencia, reconocimiento de paternidad, pensi\u00f3n alimenticia y materia penal y con talleres de oficios.<\/p>\n<p>&nbsp;<\/p>\n<p>A lo largo del presente a\u00f1o, se han revisado, un promedio de 150 procesos de internas del Cereso \u201cDavid Franco Rodr\u00edguez\u201d implementando acciones jur\u00eddicas y procedimientos legales, que concluyeron con la liberaci\u00f3n de 11 mujeres, refiri\u00f3 de manera especial L\u00e1zaro Medina.<\/p>\n<p>&nbsp;<\/p>\n<p>De la misma forma, indic\u00f3 que el Instituto de la Mujer Moreliana, que dirige Mar\u00eda del Rosario Jim\u00e9nez Zavala, ha realizado 18 brigadas de Atenci\u00f3n Psicol\u00f3gica Integral y 84 talleres en las colonias: Mariano Escobedo , Lucio Caba\u00f1as, Enrique Ram\u00edrez, Trincheras de Morelos y Jos\u00e9 Mar\u00eda Pino Su\u00e1rez entre otras, atendiendo a mil 165 mujeres.<\/p>\n<p>&nbsp;<\/p>\n<p>El presidente municipal, agradeci\u00f3 la asistencia a este bazar, de la presidenta del DIF Michoac\u00e1n, Catherine Ettinger McEnulty, y a la presidenta del DIF Morelia, Margarita Oribio.<\/p>\n<p>&nbsp;<\/p>\n<p>Expres\u00f3 que el Bazar\u00a0 forma parte de las actividades para conmemorar esta fecha tan importante para el mundo, y es a trav\u00e9s de la muestra artesanal y del trabajo de muchas mujeres como se demuestra su valor y orgullo, dijo.<\/p>\n<p>&nbsp;<\/p>\n<p>La presidenta del DIF Michoac\u00e1n, Ettinger McEnulty, reconoci\u00f3 el trabajo desempe\u00f1ado por el gobierno municipal del presidente de Morelia, Wilfrido L\u00e1zaro Medina, a favor de\u00a0 la defensa de los derechos de las mujeres.<\/p>\n<p>&nbsp;<\/p>\n<p>En tanto, la directora del Instituto de la Mujer, Mar\u00eda del Rosario Jim\u00e9nez Zavala, hizo referencia a julio de 1981 donde, en Bogot\u00e1, Colombia, inici\u00f3 la lucha y denuncia en contra del acoso y violencia contra la mujer.<\/p>\n","protected":false},"excerpt":{"rendered":"<p>Al conmemorar el D\u00eda Internacional de la Eliminaci\u00f3n de la Violencia contra la Mujer, el gobierno municipal une sus voces para hacer un reconocimiento a las morelianas que han decidido dar un cambio positivo a sus vidas, as\u00ed lo manifest\u00f3 el presidente municipal, Wilfrido L\u00e1zaro Medina.<\/p>\n","protected":false},"author":1,"featured_media":11755,"comment_status":"open","ping_status":"open","sticky":false,"template":"","format":"standard","meta":{"footnotes":""},"categories":[14,9],"tags":[],"class_list":["post-11754","post","type-post","status-publish","format-standard","has-post-thumbnail","hentry","category-destacadas","category-morelia"],"_links":{"self":[{"href":"https:\/\/radiowebmx.com\/nota\/wp-json\/wp\/v2\/posts\/11754","targetHints":{"allow":["GET"]}}],"collection":[{"href":"https:\/\/radiowebmx.com\/nota\/wp-json\/wp\/v2\/posts"}],"about":[{"href":"https:\/\/radiowebmx.com\/nota\/wp-json\/wp\/v2\/types\/post"}],"author":[{"embeddable":true,"href":"https:\/\/radiowebmx.com\/nota\/wp-json\/wp\/v2\/users\/1"}],"replies":[{"embeddable":true,"href":"https:\/\/radiowebmx.com\/nota\/wp-json\/wp\/v2\/comments?post=11754"}],"version-history":[{"count":1,"href":"https:\/\/radiowebmx.com\/nota\/wp-json\/wp\/v2\/posts\/11754\/revisions"}],"predecessor-version":[{"id":11756,"href":"https:\/\/radiowebmx.com\/nota\/wp-json\/wp\/v2\/posts\/11754\/revisions\/11756"}],"wp:featuredmedia":[{"embeddable":true,"href":"https:\/\/radiowebmx.com\/nota\/wp-json\/wp\/v2\/media\/11755"}],"wp:attachment":[{"href":"https:\/\/radiowebmx.com\/nota\/wp-json\/wp\/v2\/media?parent=11754"}],"wp:term":[{"taxonomy":"category","embeddable":true,"href":"https:\/\/radiowebmx.com\/nota\/wp-json\/wp\/v2\/categories?post=11754"},{"taxonomy":"post_tag","embeddable":true,"href":"https:\/\/radiowebmx.com\/nota\/wp-json\/wp\/v2\/tags?post=11754"}],"curies":[{"name":"wp","href":"https:\/\/api.w.org\/{rel}","templated":true}]}}