{"id":11748,"date":"2014-11-26T12:49:06","date_gmt":"2014-11-26T18:49:06","guid":{"rendered":"https:\/\/radiowebmx.com\/nota\/?p=11748"},"modified":"2014-11-26T12:49:06","modified_gmt":"2014-11-26T18:49:06","slug":"los-jovenes-talentosos-recibiran-apoyo-para-desarrollar-proyectos-en-beneficio-del-estado-salvador-jara","status":"publish","type":"post","link":"https:\/\/radiowebmx.com\/nota\/los-jovenes-talentosos-recibiran-apoyo-para-desarrollar-proyectos-en-beneficio-del-estado-salvador-jara\/","title":{"rendered":"LOS J\u00d3VENES TALENTOSOS RECIBIR\u00c1N APOYO PARA DESARROLLAR PROYECTOS EN BENEFICIO DEL ESTADO: SALVADOR JARA"},"content":{"rendered":"<p>Los j\u00f3venes con talento recibir\u00e1n el apoyo necesario para desarrollar sus ideas, propuestas y proyectos innovadores que generen un beneficio para la entidad, se\u00f1al\u00f3 el gobernador del estado de Michoac\u00e1n, Salvador Jara Guerrero, durante el encuentro que sostuvo con Claudia Lorena D\u00edaz Mart\u00ednez, ganadora del Premio Nacional de la Juventud 2014 en la categor\u00eda de Aportaci\u00f3n a la Cultura Pol\u00edtica y Democracia.<\/p>\n<p>En el marco del encuentro, el mandatario felicit\u00f3 a la galardonada por la distinci\u00f3n que obtuvo recientemente luego de realizar contribuciones dentro de los \u00e1mbitos de la academia y agenda p\u00fablica, as\u00ed como emprender diversas acciones en favor de la sociedad, lo cual seg\u00fan el gobernador, es una muestra de las enormes capacidades de la juventud michoacana.<\/p>\n<p>&#8220;Yo siempre he dicho a los muchachos que vale la pena arriesgarse y tener el valor de participar cuando se trata de competir, sobre todo cuando es para demostrar las habilidades que se han adquirido a trav\u00e9s de toda nuestra formaci\u00f3n; estoy realmente convencido de que las cosas importantes se consiguen mediante el esfuerzo, dedicaci\u00f3n, disciplina y constancia&#8221;, recalc\u00f3.<\/p>\n<p>Por su parte, Claudia Lorena D\u00edaz, ganadora del Premio Nacional de la Juventud 2014 en la categor\u00eda de Aportaci\u00f3n a la Cultura Pol\u00edtica y Democracia, comparti\u00f3 que siempre ha sentido el impulso de participar activamente en la b\u00fasqueda de soluciones a los problemas de inter\u00e9s p\u00fablico, por lo que en su momento tom\u00f3 la determinaci\u00f3n de realizar su aportaci\u00f3n de manera contundente y pr\u00e1ctica.<\/p>\n<p>&#8220;Mi trayectoria se basa en eso, soy abogada de profesi\u00f3n y he buscado en todo momento la formaci\u00f3n acad\u00e9mica y tambi\u00e9n la participaci\u00f3n ciudadana como mecanismos de trabajo; considero que tenemos la capacidad de detectar las problem\u00e1ticas de actualidad, pero es importante hacer algo para revertir los conflictos que nos aquejan en los diferentes \u00e1mbitos&#8221;, expres\u00f3.<\/p>\n<p>Claudia Lorena estudi\u00f3 Derecho en la Universidad Michoacana de San Nicol\u00e1s de Hidalgo (UMSNH) y se caracteriz\u00f3 por ser una estudiante destacada de la Licenciatura, por lo que en el 2010 el rector la reconoci\u00f3 con el Premio Padre de la Patria y actualmente se desempe\u00f1a como la docente m\u00e1s joven de dicha instituci\u00f3n.<\/p>\n<p>El pasado jueves 20 de noviembre, la joven recibi\u00f3 el Premio Nacional de la Juventud en la categor\u00eda de Aportaci\u00f3n a la Cultura Pol\u00edtica y a la Democracia. La presea fue entregada por Emilio Chuayffet Chemor, secretario de Educaci\u00f3n P\u00fablica; Rosario Robles Berlanga, secretaria de Desarrollo Social; y Jos\u00e9 Manuel Romero Coello, director del Instituto Mexicano de la Juventud (IMJUVE).<\/p>\n<p>Como parte de las actividades de este martes, el gobernador Jara y Jos\u00e9 Ignacio Peralta S\u00e1nchez, subsecretario de Comunicaciones de la Secretar\u00eda de Comunicaciones y Transportes (SCT), encabezaron la Instalaci\u00f3n y Primera Sesi\u00f3n Ordinaria de la Mesa de Coordinaci\u00f3n del Proyecto M\u00e9xico Conectado en el Estado de Michoac\u00e1n.<\/p>\n<p>Posteriormente, el titular del Ejecutivo en la entidad y Alfredo Castillo Cervantes, comisionado para la Seguridad y el Desarrollo Integral del estado, presidieron la Reuni\u00f3n Plenaria de Trabajo de Coordinaci\u00f3n de Estructuras del Plan Michoac\u00e1n, en la que se analizaron temas relacionados con el avance de los 250 proyectos comprometidos por el presidente Enrique Pe\u00f1a Nieto.<\/p>\n<p>Salvador Jara concret\u00f3 una serie de acuerdos con Jaime Dar\u00edo Oseguera M\u00e9ndez, secretario de Gobierno del estado y Javier Ocampo Garc\u00eda, titular de la Comisi\u00f3n Coordinadora del Transporte en Michoac\u00e1n (Cocotra).<\/p>\n","protected":false},"excerpt":{"rendered":"<p>Los j\u00f3venes con talento recibir\u00e1n el apoyo necesario para desarrollar sus ideas, propuestas y proyectos innovadores que generen un beneficio para la entidad, se\u00f1al\u00f3 el gobernador del estado de Michoac\u00e1n, Salvador Jara Guerrero, durante el encuentro que sostuvo con Claudia Lorena D\u00edaz Mart\u00ednez,<\/p>\n","protected":false},"author":1,"featured_media":11749,"comment_status":"open","ping_status":"open","sticky":false,"template":"","format":"standard","meta":{"footnotes":""},"categories":[14,3],"tags":[],"class_list":["post-11748","post","type-post","status-publish","format-standard","has-post-thumbnail","hentry","category-destacadas","category-gobierno-del-estado-de-michoacan"],"_links":{"self":[{"href":"https:\/\/radiowebmx.com\/nota\/wp-json\/wp\/v2\/posts\/11748","targetHints":{"allow":["GET"]}}],"collection":[{"href":"https:\/\/radiowebmx.com\/nota\/wp-json\/wp\/v2\/posts"}],"about":[{"href":"https:\/\/radiowebmx.com\/nota\/wp-json\/wp\/v2\/types\/post"}],"author":[{"embeddable":true,"href":"https:\/\/radiowebmx.com\/nota\/wp-json\/wp\/v2\/users\/1"}],"replies":[{"embeddable":true,"href":"https:\/\/radiowebmx.com\/nota\/wp-json\/wp\/v2\/comments?post=11748"}],"version-history":[{"count":1,"href":"https:\/\/radiowebmx.com\/nota\/wp-json\/wp\/v2\/posts\/11748\/revisions"}],"predecessor-version":[{"id":11750,"href":"https:\/\/radiowebmx.com\/nota\/wp-json\/wp\/v2\/posts\/11748\/revisions\/11750"}],"wp:featuredmedia":[{"embeddable":true,"href":"https:\/\/radiowebmx.com\/nota\/wp-json\/wp\/v2\/media\/11749"}],"wp:attachment":[{"href":"https:\/\/radiowebmx.com\/nota\/wp-json\/wp\/v2\/media?parent=11748"}],"wp:term":[{"taxonomy":"category","embeddable":true,"href":"https:\/\/radiowebmx.com\/nota\/wp-json\/wp\/v2\/categories?post=11748"},{"taxonomy":"post_tag","embeddable":true,"href":"https:\/\/radiowebmx.com\/nota\/wp-json\/wp\/v2\/tags?post=11748"}],"curies":[{"name":"wp","href":"https:\/\/api.w.org\/{rel}","templated":true}]}}