{"id":11739,"date":"2014-11-26T12:42:29","date_gmt":"2014-11-26T18:42:29","guid":{"rendered":"https:\/\/radiowebmx.com\/nota\/?p=11739"},"modified":"2014-11-26T12:42:47","modified_gmt":"2014-11-26T18:42:47","slug":"pri-re-establece-alianzas-con-la-sociedad-marco-polo-aguirre","status":"publish","type":"post","link":"https:\/\/radiowebmx.com\/nota\/pri-re-establece-alianzas-con-la-sociedad-marco-polo-aguirre\/","title":{"rendered":"PRI RE ESTABLECE ALIANZAS CON LA SOCIEDAD: MARCO POLO AGUIRRE"},"content":{"rendered":"<p>Con la finalidad de que Michoac\u00e1n tenga propuestas eficientes para salir adelante en el tema de Desarrollo Econ\u00f3mico, se instal\u00f3 la Comisi\u00f3n de Econom\u00eda del Consejo Pol\u00edtico Nacional del Partido Revolucionario Institucional (PRI) en Michoac\u00e1n, el Presidente del Comit\u00e9 Directivo Estatal, Marco Polo Aguirre Ch\u00e1vez, manifest\u00f3 que este partido re establece sus alianzas con sensibilidad y responsabilidad con la ciudadan\u00eda.<\/p>\n<p>&nbsp;<\/p>\n<p>En el marco de la instalaci\u00f3n de la Comisi\u00f3n que en el estado inicia su trabajo para aportar propuestas a la Plataforma Pol\u00edtico Electoral 2015, el dirigente pri\u00edsta refrend\u00f3 que M\u00e9xico y Michoac\u00e1n requieren del apoyo de toda la sociedad para hacer crecer la econom\u00eda, por tanto record\u00f3 que las reformas que ha impulsado el Presidente de la Rep\u00fablica, Enrique Pe\u00f1a Nieto, son un gran avance y apoyo para el desarrollo de un M\u00e9xico m\u00e1s pr\u00f3spero, sin embargo dijo, se requiere de la participaci\u00f3n de todos y en esta ocasi\u00f3n de los especialistas en el tema.<\/p>\n<p>&nbsp;<\/p>\n<p>\u201cAl igual que el PRI, Michoac\u00e1n se enriquece con las aportaciones en estos temas\u00a0 que hace la ciudadan\u00eda para avanzar en temas de econom\u00eda, por esta raz\u00f3n invit\u00f3 a los pri\u00edstas y a la sociedad en general a que se sumen con propuestas para sacar adelante al estado y al Pa\u00eds\u201d, puntualiz\u00f3 Marco Polo Aguirre Ch\u00e1vez.<\/p>\n<p>&nbsp;<\/p>\n<p>Ante representantes de las diversas C\u00e1maras de Comercio, representantes de Sistemas Producto, el sector empresarial, alcaldes de diversos municipios michoacanos, Presidentes de Comit\u00e9s Municipales, Diputados Locales y Federales, la presidenta de la Comisi\u00f3n de Econom\u00eda, la diputada federal Socorro Quintana de la Luz Le\u00f3n se\u00f1al\u00f3 que \u201cNuestro partido el PRI, es el m\u00e1s fuerte e importante de M\u00e9xico, est\u00e1 preocupado para estar transform\u00e1ndose para beneficio de los mexicanos y se est\u00e1 consolidando lo que hace tiempo, Luis Donaldo Colosio avizor\u00f3 para estar cerca de la gente\u201d.<\/p>\n<p>&nbsp;<\/p>\n<p>La legisladora extern\u00f3 que la finalidad de esta Comisi\u00f3n es estar formando temas de an\u00e1lisis, debatiendo y proponiendo acciones que den resultados\u00a0 palpables y tangibles para que M\u00e9xico y Michoac\u00e1n sigan avanzado en el tema de econ\u00f3mico.<\/p>\n<p>&nbsp;<\/p>\n<p>Acompa\u00f1ada por la senadora de la Rep\u00fablica, Roc\u00edo Pineda Gochi, record\u00f3 que Michoac\u00e1n es uno de los estados fundamentales para el Presidente Enrique Pe\u00f1a Nieto ya que \u00e9l est\u00e1 convencido de que es un estado que se debe respaldar, principalmente en el tema de la econom\u00eda.<\/p>\n<p>&nbsp;<\/p>\n<p>Quintana de la Luz Le\u00f3n, inform\u00f3 que se han instalado 60 comisiones tem\u00e1ticas en la ciudad de M\u00e9xico con diferentes t\u00f3picos, entre los que destacan, deportes, educaci\u00f3n, cultura, turismo, agricultura, econom\u00eda, entre otros.<\/p>\n<p>&nbsp;<\/p>\n<p>\u201cEl d\u00eda de hoy se vienen a tomar protesta a Michoac\u00e1n con la \u00fanica propuesta de ayudar a los michoacanos para ver cu\u00e1les son las expectativas y la necesidad que los michoacanos tienen para trabajar en ellas\u201d finaliz\u00f3 la Diputada Federal, Socorro Quintana de la Luz Le\u00f3n.<\/p>\n<p>&nbsp;<\/p>\n<p>El Director General de Innovaci\u00f3n, Servicios y Comercio Interior en la Subsecretar\u00eda de Industria y Comercio de la Secretar\u00eda de Econom\u00eda, Ra\u00fal Rend\u00f3n Montemayor, imparti\u00f3 la conferencia magistral \u201cPerspectivas de Desarrollo Econ\u00f3mico de M\u00e9xico\u201d.<\/p>\n<p>&nbsp;<\/p>\n<p>En la mesa tem\u00e1tica se dirigi\u00f3 adem\u00e1s\u00a0 la conferencia \u201cVisi\u00f3n Industrial de Desarrollo Econ\u00f3mico\u201d, impartida por Rodrigo Alpizar Vallejo, Presidente de la C\u00e1mara Nacional de la Industria de la Transformaci\u00f3n (CANACINTRA), en la que se destac\u00f3 la proyecci\u00f3n empresarial que se puede destacar de Michoac\u00e1n.<\/p>\n<p>&nbsp;<\/p>\n<p>A la mesa de trabajo que fue instalada para recoger los puntos fundamentales con el objetivo de sean incorporadas a la Plataforma Electoral 2015 del PRI asistieron Clovis Remusat, Presidente de la C\u00e1mara Nacional de la Industria de la Transformaci\u00f3n (CANACINTRA) Morelia, Pedro Iv\u00e1n Plancarte Molina, Presidente de la C\u00e1mara Nacional de Comercio (CANACO) Uruapan, Rigoberto Gayt\u00e1n Valencia, Director de la C\u00e1mara Nacional del Comercio Peque\u00f1o (CANACOPE), Sergio Ram\u00edrez Casta\u00f1eda, Presidente del Sistema Producto Lim\u00f3n, Agust\u00edn Rebollar, Director de CANANCO Morelia, Adri\u00e1n Huerta Leal, Presidente de la Confederaci\u00f3n Nacional de la Rep\u00fablica Mexicana en Michoac\u00e1n (COPARMEX) y Miguel \u00c1ngel Madera, Presidente del Sistema Producto Nopal.<\/p>\n","protected":false},"excerpt":{"rendered":"<p>Con la finalidad de que Michoac\u00e1n tenga propuestas eficientes para salir adelante en el tema de Desarrollo Econ\u00f3mico, se instal\u00f3 la Comisi\u00f3n de Econom\u00eda del Consejo Pol\u00edtico Nacional del Partido Revolucionario Institucional (PRI) en Michoac\u00e1n, el Presidente del Comit\u00e9 Directivo Estatal, <\/p>\n","protected":false},"author":1,"featured_media":11740,"comment_status":"open","ping_status":"open","sticky":false,"template":"","format":"standard","meta":{"footnotes":""},"categories":[14,11,12],"tags":[],"class_list":["post-11739","post","type-post","status-publish","format-standard","has-post-thumbnail","hentry","category-destacadas","category-partidos-politicos","category-pri"],"_links":{"self":[{"href":"https:\/\/radiowebmx.com\/nota\/wp-json\/wp\/v2\/posts\/11739","targetHints":{"allow":["GET"]}}],"collection":[{"href":"https:\/\/radiowebmx.com\/nota\/wp-json\/wp\/v2\/posts"}],"about":[{"href":"https:\/\/radiowebmx.com\/nota\/wp-json\/wp\/v2\/types\/post"}],"author":[{"embeddable":true,"href":"https:\/\/radiowebmx.com\/nota\/wp-json\/wp\/v2\/users\/1"}],"replies":[{"embeddable":true,"href":"https:\/\/radiowebmx.com\/nota\/wp-json\/wp\/v2\/comments?post=11739"}],"version-history":[{"count":2,"href":"https:\/\/radiowebmx.com\/nota\/wp-json\/wp\/v2\/posts\/11739\/revisions"}],"predecessor-version":[{"id":11742,"href":"https:\/\/radiowebmx.com\/nota\/wp-json\/wp\/v2\/posts\/11739\/revisions\/11742"}],"wp:featuredmedia":[{"embeddable":true,"href":"https:\/\/radiowebmx.com\/nota\/wp-json\/wp\/v2\/media\/11740"}],"wp:attachment":[{"href":"https:\/\/radiowebmx.com\/nota\/wp-json\/wp\/v2\/media?parent=11739"}],"wp:term":[{"taxonomy":"category","embeddable":true,"href":"https:\/\/radiowebmx.com\/nota\/wp-json\/wp\/v2\/categories?post=11739"},{"taxonomy":"post_tag","embeddable":true,"href":"https:\/\/radiowebmx.com\/nota\/wp-json\/wp\/v2\/tags?post=11739"}],"curies":[{"name":"wp","href":"https:\/\/api.w.org\/{rel}","templated":true}]}}