{"id":11728,"date":"2014-11-25T12:55:06","date_gmt":"2014-11-25T18:55:06","guid":{"rendered":"https:\/\/radiowebmx.com\/nota\/?p=11728"},"modified":"2014-11-25T12:55:06","modified_gmt":"2014-11-25T18:55:06","slug":"reactivar-la-economia-de-michoacan-objetivo-del-plan-de-restructuracion-de-deuda-afirma-rodriguez-pueblita","status":"publish","type":"post","link":"https:\/\/radiowebmx.com\/nota\/reactivar-la-economia-de-michoacan-objetivo-del-plan-de-restructuracion-de-deuda-afirma-rodriguez-pueblita\/","title":{"rendered":"REACTIVAR LA ECONOM\u00cdA DE MICHOAC\u00c1N, OBJETIVO DEL PLAN DE RESTRUCTURACI\u00d3N DE DEUDA; AFIRMA RODR\u00cdGUEZ PUEBLITA"},"content":{"rendered":"<p>Con la iniciativa de reforma al Decreto 22 impulsada por el Ejecutivo de Michoac\u00e1n, que actualmente se analiza en el Poder Legislativo, se busca reestructurar hasta 9 mil millones de pesos de la deuda p\u00fablica contra\u00edda con instituciones bancarias, refiri\u00f3 el \u00a0secretario de Finanzas y Administraci\u00f3n, Jos\u00e9 Carlos Rodr\u00edguez Pueblita, y explic\u00f3 que su aprobaci\u00f3n permitir\u00eda pagar pasivos de inversi\u00f3n p\u00fablica productiva e invertir en el programa de obra p\u00fablica.<\/p>\n<p>En conferencia de prensa, el tesorero aclar\u00f3 que el refinanciamiento o reestructura de deuda p\u00fablica no implicar\u00e1 contraer mayores adeudos, ya que el objetivo fundamental es sanear las finanzas p\u00fablicas para que \u00e9stas se conviertan en el motor del desarrollo estatal; en s\u00edntesis, subray\u00f3 que la aprobaci\u00f3n de la reforma al Decreto 22 ser\u00eda un importante impulso para reactivar la econom\u00eda de Michoac\u00e1n.<\/p>\n<p>Rodr\u00edguez Pueblita explic\u00f3 que el plan de reestructura y refinanciamiento consiste b\u00e1sicamente en modificar las cl\u00e1usulas de los contratos de cr\u00e9dito con instituciones bancarias para mejorar las condiciones de pago. En espec\u00edfico se refiri\u00f3 a una deuda \u00a0de aproximadamente 800 millones de pesos que fue contratada por el Gobierno del Estado a principios del presente a\u00f1o, \u00a0de la cual se han dispuesto 600 millones de pesos; \u00a0\u201cestamos buscando que se refinancie para pagarla en plazos en los pr\u00f3ximos a\u00f1os\u201d o poder utilizar el recurso disponible \u00a0de otros cr\u00e9ditos para saldarla por completo.<\/p>\n<p>Record\u00f3 que Banobras otorg\u00f3 al gobierno estatal un cr\u00e9dito de 4 mil 112 millones de pesos, el cual podr\u00eda servir para refinanciar otras deudas bancarias puesto \u00a0que a\u00fan est\u00e1n disponibles alrededor de 2 mil 800 millones de pesos, recurso que ser\u00e1 destinado tambi\u00e9n a la \u00a0inversi\u00f3n en obra p\u00fablica.<\/p>\n<p>El secretario de Finanzas coment\u00f3 que una preocupaci\u00f3n que los diputados han hecho p\u00fablica en forma reiterada, tiene que ver con el costo que tendr\u00e1 la reestructura y refinanciamiento de deuda, por lo que subray\u00f3 que gracias al apoyo de la federaci\u00f3n \u00e9ste ser\u00e1 marginal, \u201cmucho menor al costo que hayan tenido\u201d otras reestructuras o refinanciamientos anteriores.<\/p>\n<p>El Gobierno del Estado se ha comprometido con los diputados a dar informes peri\u00f3dicos del uso que se le dar\u00e1 a los recursos durante el proceso de refinanciamiento o reestructura; el prop\u00f3sito es que tengan perfecta claridad y transparencia respecto a que ser\u00e1n saldados los pasivos de inversi\u00f3n p\u00fablica productiva, y por supuesto, que se destinar\u00e1n recursos para obra nueva con el prop\u00f3sito de reactivar la econom\u00eda michoacana, a\u00f1adi\u00f3 el funcionario estatal.<\/p>\n<p><b>LAS FINANZAS, MOTOR DE DESARROLLO<\/b><\/p>\n<p>Jos\u00e9 Carlos Rodr\u00edguez dijo a los representantes de los medios de comunicaci\u00f3n que las finanzas p\u00fablicas se hab\u00edan convertido en otra cosa muy distinta a ser el motor de la econom\u00eda michoacana, por lo que subray\u00f3 que el gobierno de Salvador Jara Guerrero est\u00e1 comprometido en dar un giro a las finanzas para que sean el impulso que demanda el sector privado, y generen los empleos que requieren los ciudadanos, aunque reconoci\u00f3 que ese cambio de rumbo no puede ser inmediato.<\/p>\n<p>En raz\u00f3n de lo anterior puntualiz\u00f3 que se contrat\u00f3 una auditor\u00eda externa para reordenar las cuentas de la administraci\u00f3n estatal, derivado de ello se est\u00e1n reconociendo pasivos que antes no eran reconocidos, raz\u00f3n por la que los legisladores han detectado un aumento de pasivos en la cuenta p\u00fablica del Gobierno del Estado correspondiente al tercer trimestre del presente a\u00f1o.<\/p>\n<p>A\u00f1adi\u00f3 que algunos de esos pasivos que fueron reconocidos en la cuenta p\u00fablica datan desde el 2011, por lo que afirm\u00f3 que la administraci\u00f3n estatal no est\u00e1 m\u00e1s endeudada. Adem\u00e1s, el dinero p\u00fablico en cuentas bancarias ha aumentado en la misma proporci\u00f3n, por lo que \u201cla capacidad del gobierno estatal de pagar esos adeudos se ha mantenido igual con respecto al a\u00f1o anterior\u201d.<\/p>\n<p>Mencion\u00f3 que se han logrado avances importantes en el pago de adeudos a proveedores y a constructores, incluso afirm\u00f3 que est\u00e1 asegurado el pago de salarios y prestaciones de fin de a\u00f1o de la burocracia estatal, \u201cde eso no deben tener duda\u201d.<\/p>\n<p>Garc\u00eda Pueblita aclar\u00f3 tambi\u00e9n que no hay un subejercicio en el presupuesto aprobado por el Congreso para el presente a\u00f1o, toda vez que \u00a0se ha ejercido el 69 por ciento del recurso asignado a la administraci\u00f3n estatal,\u00a0 \u201clo cual es muy similar con respecto a los a\u00f1os anteriores\u201d.<\/p>\n<p>En todo caso, abund\u00f3, en la cuenta p\u00fablica del tercer trimestre se ve reflejada la estacionalidad del gasto, sobre la cual explic\u00f3: \u201csignifica que el gasto tiene una naturaleza tal que en determinados momentos se ejerce a una velocidad diferente; una muy buena parte de los recursos federales llegaron a finales del mes de septiembre y son aquellos recursos que est\u00e1n en proceso de licitaci\u00f3n y de ejecuci\u00f3n, pero que se gastar\u00e1n durante el \u00faltimo trimestre del a\u00f1o\u201d.<\/p>\n<p>El funcionario estatal recalc\u00f3 que el ordenamiento de la hacienda estatal ha provocado que en el \u00faltimo informe financiero de gobierno se puedan apreciar aumentos de gasto en diversos rubros, como el de gasto corriente, pese a que se redujeron considerablemente las erogaciones en servicios personales con la cancelaci\u00f3n de contratos de trabajadores eventuales que se ten\u00edan integrados en distintos programas que no necesariamente ten\u00edan un impacto directo en la poblaci\u00f3n.<\/p>\n<p>En a\u00f1os anteriores, abund\u00f3 Garc\u00eda Pueblita, el gasto corriente era cubierto con recursos del Cap\u00edtulo 6000 destinado a la ejecuci\u00f3n de programas o inversi\u00f3n p\u00fablica productiva, pero con el reordenamiento de las finanzas estatales el gasto corriente est\u00e1 siendo reconocido como tal, lo que puede explicar que se perciba un aumento en las erogaciones de este tipo.<\/p>\n<p>Finalmente, la \u00a0Secretar\u00eda de Finanzas y Administraci\u00f3n subraya que \u201cse ha tratado de dejar de comprometer los recursos de periodos futuros, ya que han disminuido los anticipos de participaciones por 230 millones de pesos\u201d.<\/p>\n","protected":false},"excerpt":{"rendered":"<p>Con la iniciativa de reforma al Decreto 22 impulsada por el Ejecutivo de Michoac\u00e1n, que actualmente se analiza en el Poder Legislativo, se busca reestructurar hasta 9 mil millones de pesos de la deuda p\u00fablica contra\u00edda con instituciones bancarias, refiri\u00f3 el  secretario de Finanzas y Administraci\u00f3n, <\/p>\n","protected":false},"author":1,"featured_media":11729,"comment_status":"open","ping_status":"open","sticky":false,"template":"","format":"standard","meta":{"footnotes":""},"categories":[14,3],"tags":[],"class_list":["post-11728","post","type-post","status-publish","format-standard","has-post-thumbnail","hentry","category-destacadas","category-gobierno-del-estado-de-michoacan"],"_links":{"self":[{"href":"https:\/\/radiowebmx.com\/nota\/wp-json\/wp\/v2\/posts\/11728","targetHints":{"allow":["GET"]}}],"collection":[{"href":"https:\/\/radiowebmx.com\/nota\/wp-json\/wp\/v2\/posts"}],"about":[{"href":"https:\/\/radiowebmx.com\/nota\/wp-json\/wp\/v2\/types\/post"}],"author":[{"embeddable":true,"href":"https:\/\/radiowebmx.com\/nota\/wp-json\/wp\/v2\/users\/1"}],"replies":[{"embeddable":true,"href":"https:\/\/radiowebmx.com\/nota\/wp-json\/wp\/v2\/comments?post=11728"}],"version-history":[{"count":2,"href":"https:\/\/radiowebmx.com\/nota\/wp-json\/wp\/v2\/posts\/11728\/revisions"}],"predecessor-version":[{"id":11731,"href":"https:\/\/radiowebmx.com\/nota\/wp-json\/wp\/v2\/posts\/11728\/revisions\/11731"}],"wp:featuredmedia":[{"embeddable":true,"href":"https:\/\/radiowebmx.com\/nota\/wp-json\/wp\/v2\/media\/11729"}],"wp:attachment":[{"href":"https:\/\/radiowebmx.com\/nota\/wp-json\/wp\/v2\/media?parent=11728"}],"wp:term":[{"taxonomy":"category","embeddable":true,"href":"https:\/\/radiowebmx.com\/nota\/wp-json\/wp\/v2\/categories?post=11728"},{"taxonomy":"post_tag","embeddable":true,"href":"https:\/\/radiowebmx.com\/nota\/wp-json\/wp\/v2\/tags?post=11728"}],"curies":[{"name":"wp","href":"https:\/\/api.w.org\/{rel}","templated":true}]}}