{"id":11699,"date":"2014-11-24T13:38:55","date_gmt":"2014-11-24T19:38:55","guid":{"rendered":"https:\/\/radiowebmx.com\/nota\/?p=11699"},"modified":"2014-11-24T13:38:55","modified_gmt":"2014-11-24T19:38:55","slug":"gobernador-salvador-jara-visito-el-municipio-de-acuitzio-del-canje","status":"publish","type":"post","link":"https:\/\/radiowebmx.com\/nota\/gobernador-salvador-jara-visito-el-municipio-de-acuitzio-del-canje\/","title":{"rendered":"GOBERNADOR SALVADOR JARA VISITO EL MUNICIPIO DE ACUITZIO DEL CANJE."},"content":{"rendered":"<p>El gobernador del estado Salvador Jara Guerrero, realiz\u00f3 un recorrido por las calles de Acuitzio, donde escuch\u00f3 las solicitudes de sus habitantes.<\/p>\n<p>\u201cEstoy visitando los municipios del estado, la idea es platicar con la gente, ver cu\u00e1les son los principales problemas y platicar con los presidentes municipales, porque en las reuniones cuando me van a ver a Morelia en conjunto, es muy dif\u00edcil darles la atenci\u00f3n que se merecen; pretendo salir todos los fines de semana y visitar todos los ayuntamientos\u201d, expres\u00f3 el mandatario estatal.<\/p>\n<p>Acompa\u00f1ado de su esposa, Catherine R.Ettinger, Jara Guerrero recalc\u00f3 la importancia de saber c\u00f3mo est\u00e1 funcionando el Mando Unificado, pero desde la perspectiva de los habitantes, \u201cque me digan c\u00f3mo est\u00e1n trabajando los polic\u00edas, dicen que hay unos que lo hacen muy bien, pero hay otros que no, por eso le pido a la poblaci\u00f3n hagan conocer cualquier tipo de inconsistencia, en caso de que alg\u00fan polic\u00eda no se comporte adecuadamente.<\/p>\n<p>El gobernador se\u00f1al\u00f3 que este tipo de visitas permite armar una agenda para priorizar las necesidades de obra y as\u00ed planear una mejor aplicaci\u00f3n de los recursos para el pr\u00f3ximo a\u00f1o; como es el caso de esta cabecera municipal, donde lo primordial es el drenaje, pavimentaci\u00f3n de calles y alumbrado, entre otras.<\/p>\n<p>El presidente municipal, Rogelio Ayala Cort\u00e9s, agradeci\u00f3 la visita y reconoci\u00f3 el trabajo que realiza con los alcaldes, \u201cel gobernador tiene un di\u00e1logo abierto con todos los ediles, sin importar la fracci\u00f3n partidista, eso es muy importante porque demuestra que es muy institucional, por que la situaci\u00f3n de seguridad en el municipio ha mejorado bastante, \u201cestamos contentos y en espera de que nos sigan apoyando para mejorarla.<\/p>\n","protected":false},"excerpt":{"rendered":"<p>El gobernador del estado Salvador Jara Guerrero, realiz\u00f3 un recorrido por las calles de Acuitzio, donde escuch\u00f3 las solicitudes de sus habitantes.<\/p>\n","protected":false},"author":1,"featured_media":11700,"comment_status":"open","ping_status":"open","sticky":false,"template":"","format":"standard","meta":{"footnotes":""},"categories":[14,3],"tags":[],"class_list":["post-11699","post","type-post","status-publish","format-standard","has-post-thumbnail","hentry","category-destacadas","category-gobierno-del-estado-de-michoacan"],"_links":{"self":[{"href":"https:\/\/radiowebmx.com\/nota\/wp-json\/wp\/v2\/posts\/11699","targetHints":{"allow":["GET"]}}],"collection":[{"href":"https:\/\/radiowebmx.com\/nota\/wp-json\/wp\/v2\/posts"}],"about":[{"href":"https:\/\/radiowebmx.com\/nota\/wp-json\/wp\/v2\/types\/post"}],"author":[{"embeddable":true,"href":"https:\/\/radiowebmx.com\/nota\/wp-json\/wp\/v2\/users\/1"}],"replies":[{"embeddable":true,"href":"https:\/\/radiowebmx.com\/nota\/wp-json\/wp\/v2\/comments?post=11699"}],"version-history":[{"count":1,"href":"https:\/\/radiowebmx.com\/nota\/wp-json\/wp\/v2\/posts\/11699\/revisions"}],"predecessor-version":[{"id":11701,"href":"https:\/\/radiowebmx.com\/nota\/wp-json\/wp\/v2\/posts\/11699\/revisions\/11701"}],"wp:featuredmedia":[{"embeddable":true,"href":"https:\/\/radiowebmx.com\/nota\/wp-json\/wp\/v2\/media\/11700"}],"wp:attachment":[{"href":"https:\/\/radiowebmx.com\/nota\/wp-json\/wp\/v2\/media?parent=11699"}],"wp:term":[{"taxonomy":"category","embeddable":true,"href":"https:\/\/radiowebmx.com\/nota\/wp-json\/wp\/v2\/categories?post=11699"},{"taxonomy":"post_tag","embeddable":true,"href":"https:\/\/radiowebmx.com\/nota\/wp-json\/wp\/v2\/tags?post=11699"}],"curies":[{"name":"wp","href":"https:\/\/api.w.org\/{rel}","templated":true}]}}