{"id":11695,"date":"2014-11-24T13:35:49","date_gmt":"2014-11-24T19:35:49","guid":{"rendered":"https:\/\/radiowebmx.com\/nota\/?p=11695"},"modified":"2014-11-24T13:35:49","modified_gmt":"2014-11-24T19:35:49","slug":"reprueba-la-marina-que-se-quiera-responsabilizar-a-las-instituciones-de-gobierno-de-los-actos-perpetrados-por-criminales-2","status":"publish","type":"post","link":"https:\/\/radiowebmx.com\/nota\/reprueba-la-marina-que-se-quiera-responsabilizar-a-las-instituciones-de-gobierno-de-los-actos-perpetrados-por-criminales-2\/","title":{"rendered":"REPRUEBA LA MARINA QUE SE QUIERA RESPONSABILIZAR A LAS INSTITUCIONES DE GOBIERNO DE LOS ACTOS PERPETRADOS POR CRIMINALES"},"content":{"rendered":"<p>Durante la conmemoraci\u00f3n del D\u00eda de la Armada de M\u00e9xico, el comandante de la X Zona Naval, Luis Orozco Incl\u00e1n, reprob\u00f3 que con acciones violentas se recrimine a las instituciones de gobierno y se les quiera responsabilizar de los actos perpetrados por grupos delincuenciales;\u00a0 \u201cel Estado mexicano no s\u00f3lo lo conforman las instituciones de gobierno, lo integran adem\u00e1s sus habitantes. Somos parte de un todo, as\u00ed que cada parte activa debe ser corresponsable de generar paz y tranquilidad social\u201d, asever\u00f3.<\/p>\n<p>El gobernador Salvador Jara Guerrero visit\u00f3 este d\u00eda la X Zona Naval en L\u00e1zaro C\u00e1rdenas, donde despu\u00e9s de compartir el desayuno con mandos y elementos de la Marina, encabez\u00f3 el acto de celebraci\u00f3n del D\u00eda de la Armada de M\u00e9xico, y de la consumaci\u00f3n de la Independencia nacional.<\/p>\n<p>Ante mandos castrenses y autoridades civiles,\u00a0 el Vicealmirante Luis Orozco Incl\u00e1n calific\u00f3 como inaceptable que \u201cbajo el argumento de repudio\u201d a los actos cometidos por delincuentes, \u201cgrupos antag\u00f3nicos al orden y a la gobernabilidad se manifiesten con acciones violentas que provocan vandalismo y alteran la paz y tranquilidad social. Adem\u00e1s, con su actuar desestabilizan la armon\u00eda de las actividades econ\u00f3micas de personas productivas y deterioran, consecuentemente, la imagen y prestigio nacional\u201d.<\/p>\n<p>En su discurso oficial se\u00f1al\u00f3 que el pa\u00eds atraviesa por un sinn\u00famero de dificultades, pero apel\u00f3 al sentir patriota de los mexicanos para que los problemas de M\u00e9xico \u201clos hagamos nuestros\u201d, ya que su soluci\u00f3n demanda responsabilidad en el actuar, as\u00ed como la participaci\u00f3n ordenada y decidida de todas las instituciones del Estado y, sobre todo, de la ciudadan\u00eda; \u201cpor tal raz\u00f3n los invito a unirse para construir un M\u00e9xico en orden, de paz y armon\u00eda, para que heredemos a las futuras generaciones un camino sin obst\u00e1culos para alcanzar los anhelos de bienestar, progreso y desarrollo nacional\u201d.<\/p>\n<p>Antes de la intervenci\u00f3n del comandante de la Zona Naval en L\u00e1zaro C\u00e1rdenas, fue le\u00eddo un mensaje del secretario de la Marina, Vidal Francisco Sober\u00f3n, quien record\u00f3 a los marinos que est\u00e1n llamados a dar lo mejor de s\u00ed, y actuar con honor, valor, lealtad, disciplina y absoluto respeto a los derechos humanos, como hasta ahora.<\/p>\n<p>El gobernador Salvador Jara Guerrero y el vicealmirante Luis Orozco Incl\u00e1n entregaron condecoraciones de perseverancia y de reconocimiento a marinos con 25, 15 y 10 a\u00f1os de servicio ininterrumpido a la patria en la Armada de M\u00e9xico.<\/p>\n<p>El acto conmemorativo por el D\u00eda de la Armada de M\u00e9xico tambi\u00e9n fue presidido por Isaac Israel Corona Estrada, jefe de la Unidad Estrat\u00e9gica en la Comisi\u00f3n para la Seguridad y Desarrollo Integral de Michoac\u00e1n;\u00a0 Rogelio Filiberto Ortega Camargo, presidente municipal de L\u00e1zaro C\u00e1rdenas; Carlos Hugo Castellanos Becerra, secretario de Seguridad P\u00fablica del Estado; Armando del R\u00edo Leal, delegado estatal del\u00a0 Centro de Investigaci\u00f3n y Seguridad Nacional de la Secretar\u00eda de Gobernaci\u00f3n (Cisen);<\/p>\n<p>El contralmirante\u00a0 Jos\u00e9 Luis Corro Ch\u00e1vez, capit\u00e1n de Puerto de L\u00e1zaro C\u00e1rdenas, y Jos\u00e9 Luis Ambrosio C\u00f3rdoba, inspector general de la Polic\u00eda Federal en L\u00e1zaro C\u00e1rdenas.<\/p>\n<p>La Marina celebra el D\u00eda de la Armada de M\u00e9xico el 23 de noviembre para conmemorar tambi\u00e9n que en esta fecha, pero de 1825, el capit\u00e1n de fragata Pedro Sainz de Baranda realiz\u00f3 un bloqueo naval para impedir que barcos procedentes de Cuba abastecieran de v\u00edveres y municiones a las tropas destacamentadas en la fortaleza de San Juan de Ul\u00faa, lo que oblig\u00f3 a la rendici\u00f3n del \u00faltimo reducto espa\u00f1ol en suelo patrio, con lo que se dio por consumada la Independencia de M\u00e9xico.<\/p>\n","protected":false},"excerpt":{"rendered":"<p>Durante la conmemoraci\u00f3n del D\u00eda de la Armada de M\u00e9xico, el comandante de la X Zona Naval, Luis Orozco Incl\u00e1n, reprob\u00f3 que con acciones violentas se recrimine a las instituciones de gobierno y se les quiera responsabilizar de los actos perpetrados por grupos delincuenciales;  <\/p>\n","protected":false},"author":1,"featured_media":11696,"comment_status":"open","ping_status":"open","sticky":false,"template":"","format":"standard","meta":{"footnotes":""},"categories":[14,3],"tags":[],"class_list":["post-11695","post","type-post","status-publish","format-standard","has-post-thumbnail","hentry","category-destacadas","category-gobierno-del-estado-de-michoacan"],"_links":{"self":[{"href":"https:\/\/radiowebmx.com\/nota\/wp-json\/wp\/v2\/posts\/11695","targetHints":{"allow":["GET"]}}],"collection":[{"href":"https:\/\/radiowebmx.com\/nota\/wp-json\/wp\/v2\/posts"}],"about":[{"href":"https:\/\/radiowebmx.com\/nota\/wp-json\/wp\/v2\/types\/post"}],"author":[{"embeddable":true,"href":"https:\/\/radiowebmx.com\/nota\/wp-json\/wp\/v2\/users\/1"}],"replies":[{"embeddable":true,"href":"https:\/\/radiowebmx.com\/nota\/wp-json\/wp\/v2\/comments?post=11695"}],"version-history":[{"count":2,"href":"https:\/\/radiowebmx.com\/nota\/wp-json\/wp\/v2\/posts\/11695\/revisions"}],"predecessor-version":[{"id":11698,"href":"https:\/\/radiowebmx.com\/nota\/wp-json\/wp\/v2\/posts\/11695\/revisions\/11698"}],"wp:featuredmedia":[{"embeddable":true,"href":"https:\/\/radiowebmx.com\/nota\/wp-json\/wp\/v2\/media\/11696"}],"wp:attachment":[{"href":"https:\/\/radiowebmx.com\/nota\/wp-json\/wp\/v2\/media?parent=11695"}],"wp:term":[{"taxonomy":"category","embeddable":true,"href":"https:\/\/radiowebmx.com\/nota\/wp-json\/wp\/v2\/categories?post=11695"},{"taxonomy":"post_tag","embeddable":true,"href":"https:\/\/radiowebmx.com\/nota\/wp-json\/wp\/v2\/tags?post=11695"}],"curies":[{"name":"wp","href":"https:\/\/api.w.org\/{rel}","templated":true}]}}