{"id":11689,"date":"2014-11-24T13:16:11","date_gmt":"2014-11-24T19:16:11","guid":{"rendered":"https:\/\/radiowebmx.com\/nota\/?p=11689"},"modified":"2014-11-24T13:16:11","modified_gmt":"2014-11-24T19:16:11","slug":"ventanilla-unica-movil-regresa-al-mercado-de-abastos","status":"publish","type":"post","link":"https:\/\/radiowebmx.com\/nota\/ventanilla-unica-movil-regresa-al-mercado-de-abastos\/","title":{"rendered":"VENTANILLA \u00daNICA M\u00d3VIL REGRESA AL MERCADO DE ABASTOS"},"content":{"rendered":"<div data-link=\"class{:~tag.contentRightClass(Layout.IsFullView, Layout.ReadingPaneMode)}\">\n<div>\n<div id=\"inboxControl0fv-ReadMessageContainer\" tabindex=\"-1\">\n<div data-link=\"class{readMessageClass: ~tag.Show}\">\n<div id=\"ReadMessageScrollableSection\" tabindex=\"-1\">\n<div id=\"readMessagePartControl871f\" data-link=\"class{:~tag.getHeaderCssClass(IsConversationPart, IsRead, IsDraft, IsTrustedSender, Items.length)}\">\n<div data-link=\"class{getClass:IsBodyExpanded}\">\n<div>\n<div id=\"bodyreadMessagePartBodyControl876f\" data-link=\"class{:~tag.cssClasses(PlainText, IsContentFiltered)}\">\n<div dir=\"ltr\">\n<p>\u00a0La Direcci\u00f3n de Inspecci\u00f3n y Vigilancia del Ayuntamiento de Morelia efectu\u00f3 un operativo en el Mercado de Abastos que result\u00f3 en la infracci\u00f3n a 80 establecimientos, que carecen de licencia de funcionamiento o permiso vigente; por ello, el M\u00f3dulo M\u00f3vil de Ventanilla \u00danica llega nuevamente al complejo comercial.<\/p>\n<p>&nbsp;<\/p>\n<p>A partir de este lunes y hasta el pr\u00f3ximo viernes, los interesados pueden acudir en horario de 9:00 a 15:00 horas a la Administraci\u00f3n General, ubicada en el n\u00famero 12 de la calle Jitomate, a realizar tr\u00e1mites de apertura de los g\u00e9neros \u201cA\u201d y \u201cB\u201d o revalidaciones para todo tipo de giros, donde ser\u00e1n atendidos con agilidad y eficiencia en un sitio pr\u00f3ximo a sus espacios de trabajo, donde adem\u00e1s se cuenta con el apoyo del programa estatal S\u00edFinancia para cr\u00e9ditos empresariales.<\/p>\n<p>&nbsp;<\/p>\n<p>Los requisitos son presentar una solicitud elaborada, la cual podr\u00e1 funcionar como licencia durante 180 d\u00edas; adem\u00e1s de identificaci\u00f3n oficial, copia de recibo de agua y, en caso de ser gestor, carta poder simple. Asimismo, es necesario hacer los pagos del dictamen de Protecci\u00f3n Civil y de Medio Ambiente, que van desde uno hasta 25 salarios m\u00ednimos, dependiendo de los metros cuadrados que tenga cada comercio y el giro al aperturar. De igual manera, el visto bueno de la Direcci\u00f3n de Mercados.<\/p>\n<p>&nbsp;<\/p>\n<p>As\u00ed, el Gobierno Municipal que preside Wilfrido L\u00e1zaro Medina contin\u00faa acercando este servicio a la ciudadan\u00eda, a fin de apoyar a los comerciantes en la regularizaci\u00f3n de sus tr\u00e1mites y evitar la aplicaci\u00f3n de sanciones, que van desde infracciones hasta clausuras. Para mayores informes, los interesados pueden comunicarse al tel\u00e9fono 322-0716 o en la p\u00e1gina Inspecci\u00f3n Vigilancia en Facebook.<\/p>\n<\/div>\n<\/div>\n<\/div>\n<\/div>\n<\/div>\n<\/div>\n<\/div>\n<\/div>\n<\/div>\n<div><\/div>\n<\/div>\n","protected":false},"excerpt":{"rendered":"<p> La Direcci\u00f3n de Inspecci\u00f3n y Vigilancia del Ayuntamiento de Morelia efectu\u00f3 un operativo en el Mercado de Abastos que result\u00f3 en la infracci\u00f3n a 80 establecimientos, que carecen de licencia de funcionamiento o permiso vigente; por ello, <\/p>\n","protected":false},"author":1,"featured_media":11690,"comment_status":"open","ping_status":"open","sticky":false,"template":"","format":"standard","meta":{"footnotes":""},"categories":[14,9],"tags":[],"class_list":["post-11689","post","type-post","status-publish","format-standard","has-post-thumbnail","hentry","category-destacadas","category-morelia"],"_links":{"self":[{"href":"https:\/\/radiowebmx.com\/nota\/wp-json\/wp\/v2\/posts\/11689","targetHints":{"allow":["GET"]}}],"collection":[{"href":"https:\/\/radiowebmx.com\/nota\/wp-json\/wp\/v2\/posts"}],"about":[{"href":"https:\/\/radiowebmx.com\/nota\/wp-json\/wp\/v2\/types\/post"}],"author":[{"embeddable":true,"href":"https:\/\/radiowebmx.com\/nota\/wp-json\/wp\/v2\/users\/1"}],"replies":[{"embeddable":true,"href":"https:\/\/radiowebmx.com\/nota\/wp-json\/wp\/v2\/comments?post=11689"}],"version-history":[{"count":1,"href":"https:\/\/radiowebmx.com\/nota\/wp-json\/wp\/v2\/posts\/11689\/revisions"}],"predecessor-version":[{"id":11691,"href":"https:\/\/radiowebmx.com\/nota\/wp-json\/wp\/v2\/posts\/11689\/revisions\/11691"}],"wp:featuredmedia":[{"embeddable":true,"href":"https:\/\/radiowebmx.com\/nota\/wp-json\/wp\/v2\/media\/11690"}],"wp:attachment":[{"href":"https:\/\/radiowebmx.com\/nota\/wp-json\/wp\/v2\/media?parent=11689"}],"wp:term":[{"taxonomy":"category","embeddable":true,"href":"https:\/\/radiowebmx.com\/nota\/wp-json\/wp\/v2\/categories?post=11689"},{"taxonomy":"post_tag","embeddable":true,"href":"https:\/\/radiowebmx.com\/nota\/wp-json\/wp\/v2\/tags?post=11689"}],"curies":[{"name":"wp","href":"https:\/\/api.w.org\/{rel}","templated":true}]}}