{"id":1167,"date":"2013-01-07T10:41:41","date_gmt":"2013-01-07T16:41:41","guid":{"rendered":"https:\/\/radiowebmx.com\/nota\/?p=1167"},"modified":"2013-02-05T10:56:22","modified_gmt":"2013-02-05T16:56:22","slug":"el-dif-estatal-arranca-oficialmente-la-entrega-de-juguetes-del-dia-de-reyes","status":"publish","type":"post","link":"https:\/\/radiowebmx.com\/nota\/el-dif-estatal-arranca-oficialmente-la-entrega-de-juguetes-del-dia-de-reyes\/","title":{"rendered":"EL DIF ESTATAL ARRANCA OFICIALMENTE LA ENTREGA DE JUGUETES  DEL D\u00cdA DE REYES"},"content":{"rendered":"<p>La Presidenta del Sistema DIF Michoac\u00e1n, Patricia Mora de Vallejo efectu\u00f3 el arranque oficial de la entrega de 14 mil juguetes a los DIF municipales en todo el estado.<\/p>\n<p>&nbsp;<\/p>\n<p>De manera representativa, acudieron las presidentas de los Sistemas DIF municipales de las localidades de Tzitzio y Car\u00e1cuaro, para recibir de manos de la titular del DIF Michoac\u00e1n, los paquetes de juguetes que ser\u00e1n repartidos entre los ni\u00f1os en situaci\u00f3n vulnerable en la entidad.<\/p>\n<p>&nbsp;<\/p>\n<p>Mora de Vallejo agradeci\u00f3 la participaci\u00f3n de la ciudadan\u00eda para la recaudaci\u00f3n de los casi 14 mil juguetes, este pasado 3 de enero del presente a\u00f1o, en el noveno Marat\u00f3n de Reyes organizado por el Sistema Michoacano de Radio y Televisi\u00f3n (SMRTV).<\/p>\n<p>&nbsp;<\/p>\n<p>Adem\u00e1s, reconoci\u00f3 el inter\u00e9s y la labor de los DIF municipales por hacer llegar los juguetes a todos los ni\u00f1os que por alguna causa no pueden tener un obsequio este d\u00eda de Reyes.<\/p>\n<p>&nbsp;<\/p>\n<p>\u201cEsperamos que con el apoyo brindado en esta ocasi\u00f3n los ni\u00f1os michoacanos tengan una sonrisa en este d\u00eda y recuerden que la infancia es una de las etapas m\u00e1s bonitas de todo ser humano\u201d, enfatiz\u00f3 Patricia Mora.<\/p>\n<p>&nbsp;<\/p>\n<p>De manera paralela, la directora de Asistencia e Inclusi\u00f3n Social de la dependencia, Tzitlali Montejano Monroy, explic\u00f3 que se hizo una selecci\u00f3n de los municipios con altos \u00edndices de marginaci\u00f3n o pobreza en la entidad, para hacerles llegar una mayor cantidad de juguetes, aunque en promedio se dotaron de 100 mu\u00f1ecas, carritos, pelotas, juegos de t\u00e9, entre otros art\u00edculos infantiles, a cada uno de los municipios.<\/p>\n<p>&nbsp;<\/p>\n<p>Cabe mencionar que todos los municipios del estado fueron favorecidos con la dotaci\u00f3n de juguetes, tomando en cuenta particularmente a 11 localidades con mayor registro de marginaci\u00f3n.<\/p>\n<p>\u201cEl DIF Michoac\u00e1n aport\u00f3 mil 200 juguetes, m\u00e1s 350 juguetes que los trabajadores de la propia dependencia donaron para los ni\u00f1os, siendo casi mil 500 los art\u00edculos infantiles que se regalar\u00e1n a los peque\u00f1os\u201d, agreg\u00f3 Montejano Monroy.<\/p>\n<p>Posteriormente, la Presidenta del DIF estatal acudi\u00f3 a entregar decenas de juguetes a los cuneros pertenecientes a la Casa Hogar Gertrudis Bocanegra, donde convivi\u00f3 con los ni\u00f1os que son atendidos por la dependencia estatal.<\/p>\n<p>&nbsp;<\/p>\n<p><strong>DIF ESTATAL TAMBI\u00c9N SE SUMA AL JUGUET\u00d3N DE TV AZTECA<\/strong><\/p>\n<p>Finalmente, Patricia Mora de Vallejo, visit\u00f3 las instalaciones de Televisi\u00f3n Azteca y fue recibida por el director general, Carlos Bukantz, para sumarse al Juguet\u00f3n con la donaci\u00f3n de 300 juguetes refrendando el compromiso que mantiene el gobierno del estado con las familias michoacanas.<\/p>\n<p>\u201cEs un gusto saber que somos varias las instituciones, as\u00ed como todos los michoacanos los que nos interesamos por la ni\u00f1ez del estado, por lo que estamos seguros que con esta aportaci\u00f3n habr\u00e1 muchas sonrisas\u201d, concluy\u00f3 Mora de Vallejo.<\/p>\n<p>Mora de Vallejo indic\u00f3 que en esta fecha especial para los menores, se refuerzan los lazos familiares al brindar de un obsequio que genera una sonrisa, misma que es el mejor regalo para los padres.<\/p>\n<p>La presidenta del sistema DIF estatal, record\u00f3 su infancia donde el d\u00eda de reyes se despertaba temprano esperando encontrar un juguete bajo el \u00e1rbol navide\u00f1o, agreg\u00f3 que su juguete favorito eran las mu\u00f1ecas con las que jugaba al lado de sus hermanas.<\/p>\n<p>Es de destacar que los juguetes recaudados durante esta 18\u00b0 edici\u00f3n del Juguet\u00f3n se repartir\u00e1n a partir de las 7:00 de la ma\u00f1ana de este domingo 6 de enero en diferentes comunidades marginadas.<\/p>\n<p>&nbsp;<\/p>\n<p>&nbsp;<\/p>\n","protected":false},"excerpt":{"rendered":"<p>La Presidenta del Sistema DIF Michoac\u00e1n, Patricia Mora de Vallejo efectu\u00f3 el arranque oficial de la entrega de 14 mil juguetes a los DIF municipales en todo el estado.<\/p>\n","protected":false},"author":1,"featured_media":0,"comment_status":"open","ping_status":"open","sticky":false,"template":"","format":"standard","meta":{"footnotes":""},"categories":[3],"tags":[],"class_list":["post-1167","post","type-post","status-publish","format-standard","hentry","category-gobierno-del-estado-de-michoacan"],"_links":{"self":[{"href":"https:\/\/radiowebmx.com\/nota\/wp-json\/wp\/v2\/posts\/1167","targetHints":{"allow":["GET"]}}],"collection":[{"href":"https:\/\/radiowebmx.com\/nota\/wp-json\/wp\/v2\/posts"}],"about":[{"href":"https:\/\/radiowebmx.com\/nota\/wp-json\/wp\/v2\/types\/post"}],"author":[{"embeddable":true,"href":"https:\/\/radiowebmx.com\/nota\/wp-json\/wp\/v2\/users\/1"}],"replies":[{"embeddable":true,"href":"https:\/\/radiowebmx.com\/nota\/wp-json\/wp\/v2\/comments?post=1167"}],"version-history":[{"count":5,"href":"https:\/\/radiowebmx.com\/nota\/wp-json\/wp\/v2\/posts\/1167\/revisions"}],"predecessor-version":[{"id":1171,"href":"https:\/\/radiowebmx.com\/nota\/wp-json\/wp\/v2\/posts\/1167\/revisions\/1171"}],"wp:attachment":[{"href":"https:\/\/radiowebmx.com\/nota\/wp-json\/wp\/v2\/media?parent=1167"}],"wp:term":[{"taxonomy":"category","embeddable":true,"href":"https:\/\/radiowebmx.com\/nota\/wp-json\/wp\/v2\/categories?post=1167"},{"taxonomy":"post_tag","embeddable":true,"href":"https:\/\/radiowebmx.com\/nota\/wp-json\/wp\/v2\/tags?post=1167"}],"curies":[{"name":"wp","href":"https:\/\/api.w.org\/{rel}","templated":true}]}}