{"id":11649,"date":"2014-11-21T14:38:57","date_gmt":"2014-11-21T20:38:57","guid":{"rendered":"https:\/\/radiowebmx.com\/nota\/?p=11649"},"modified":"2014-11-21T14:38:57","modified_gmt":"2014-11-21T20:38:57","slug":"analizaran-docentes-especialistas-retos-y-perspectivas-de-la-educacion-indigena","status":"publish","type":"post","link":"https:\/\/radiowebmx.com\/nota\/analizaran-docentes-especialistas-retos-y-perspectivas-de-la-educacion-indigena\/","title":{"rendered":"ANALIZAR\u00c1N DOCENTES ESPECIALISTAS RETOS Y PERSPECTIVAS DE LA EDUCACI\u00d3N IND\u00cdGENA"},"content":{"rendered":"<p>Bajo el lema \u201cHorizontes nuevos de la educaci\u00f3n ind\u00edgena\u201d, la Secretar\u00eda de Educaci\u00f3n de Michoac\u00e1n realizar\u00e1 el Congreso Pedag\u00f3gico Estatal de Educaci\u00f3n Ind\u00edgena, en el que se analizar\u00e1n los retos de la docencia en este sector.<\/p>\n<p>&nbsp;<\/p>\n<p>De acuerdo a datos de la Direcci\u00f3n General de Educaci\u00f3n Ind\u00edgena en Michoac\u00e1n, se espera la participaci\u00f3n de m\u00e1s de 150 expertos en el tema de la educaci\u00f3n ind\u00edgena, adem\u00e1s de los jefes de sector y supervisores que desempe\u00f1ar\u00e1n comisiones espec\u00edficas.<\/p>\n<p>&nbsp;<\/p>\n<p>En el Congreso que se realizar\u00e1 del 24 al 26 de noviembre en la capital del estado, se tocar\u00e1n temas como la historia, principios y valores comunitarios; la pr\u00e1ctica pedag\u00f3gica para fortalecer, recuperar y ense\u00f1ar la lengua ind\u00edgena y los conocimientos ancestrales y tecnolog\u00edas educativas-matem\u00e1ticas, entre otros.<\/p>\n<p>&nbsp;<\/p>\n<p>El objetivo del encuentro es actualizar y fortalecer la concepci\u00f3n de la educaci\u00f3n ind\u00edgena, desde los conceptos \u00e9tnicos locales para transitar la pr\u00e1ctica docente hacia horizontes nuevos del aprendizaje, con la participaci\u00f3n de los alumnos, padres de familia y la comunidad en general.<\/p>\n<p>&nbsp;<\/p>\n<p>Para los organizadores del evento es de vital importancia desarrollar un m\u00e9todo y estrategias a lo largo del encuentro para llegar a las conclusiones necesarias, esto, a trav\u00e9s de la adquisici\u00f3n de experiencias, saberes y conocimientos nuevos en el contexto de la educaci\u00f3n ind\u00edgena, analizar las estrategias adquiridas en la indagaci\u00f3n de las experiencias docentes para con ello trascender de la propuesta a la acci\u00f3n.<\/p>\n<p><b>\u00a0<\/b><\/p>\n<p>El m\u00e9todo que se aplicar\u00e1 durante el congreso ser\u00e1n las mesas de trabajo, donde se determinar\u00e1n las estrategias de apoyo en base a las caracter\u00edsticas de los contenidos, a los tiempos disponibles y a los materiales con los que se cuente.<\/p>\n","protected":false},"excerpt":{"rendered":"<p>Bajo el lema \u201cHorizontes nuevos de la educaci\u00f3n ind\u00edgena\u201d, la Secretar\u00eda de Educaci\u00f3n de Michoac\u00e1n realizar\u00e1 el Congreso Pedag\u00f3gico Estatal de Educaci\u00f3n Ind\u00edgena, en el que se analizar\u00e1n los retos de la docencia en este sector.<\/p>\n","protected":false},"author":1,"featured_media":11650,"comment_status":"open","ping_status":"open","sticky":false,"template":"","format":"standard","meta":{"footnotes":""},"categories":[14,3],"tags":[],"class_list":["post-11649","post","type-post","status-publish","format-standard","has-post-thumbnail","hentry","category-destacadas","category-gobierno-del-estado-de-michoacan"],"_links":{"self":[{"href":"https:\/\/radiowebmx.com\/nota\/wp-json\/wp\/v2\/posts\/11649","targetHints":{"allow":["GET"]}}],"collection":[{"href":"https:\/\/radiowebmx.com\/nota\/wp-json\/wp\/v2\/posts"}],"about":[{"href":"https:\/\/radiowebmx.com\/nota\/wp-json\/wp\/v2\/types\/post"}],"author":[{"embeddable":true,"href":"https:\/\/radiowebmx.com\/nota\/wp-json\/wp\/v2\/users\/1"}],"replies":[{"embeddable":true,"href":"https:\/\/radiowebmx.com\/nota\/wp-json\/wp\/v2\/comments?post=11649"}],"version-history":[{"count":2,"href":"https:\/\/radiowebmx.com\/nota\/wp-json\/wp\/v2\/posts\/11649\/revisions"}],"predecessor-version":[{"id":11652,"href":"https:\/\/radiowebmx.com\/nota\/wp-json\/wp\/v2\/posts\/11649\/revisions\/11652"}],"wp:featuredmedia":[{"embeddable":true,"href":"https:\/\/radiowebmx.com\/nota\/wp-json\/wp\/v2\/media\/11650"}],"wp:attachment":[{"href":"https:\/\/radiowebmx.com\/nota\/wp-json\/wp\/v2\/media?parent=11649"}],"wp:term":[{"taxonomy":"category","embeddable":true,"href":"https:\/\/radiowebmx.com\/nota\/wp-json\/wp\/v2\/categories?post=11649"},{"taxonomy":"post_tag","embeddable":true,"href":"https:\/\/radiowebmx.com\/nota\/wp-json\/wp\/v2\/tags?post=11649"}],"curies":[{"name":"wp","href":"https:\/\/api.w.org\/{rel}","templated":true}]}}