{"id":1160,"date":"2013-01-02T10:36:10","date_gmt":"2013-01-02T16:36:10","guid":{"rendered":"https:\/\/radiowebmx.com\/nota\/?p=1160"},"modified":"2013-02-05T10:38:08","modified_gmt":"2013-02-05T16:38:08","slug":"pide-jesus-reyna-garcia-preservar-la-paz-laboral-para-atraer-inversiones-a-michoacan","status":"publish","type":"post","link":"https:\/\/radiowebmx.com\/nota\/pide-jesus-reyna-garcia-preservar-la-paz-laboral-para-atraer-inversiones-a-michoacan\/","title":{"rendered":"PIDE JES\u00daS REYNA GARC\u00cdA PRESERVAR  LA PAZ LABORAL PARA ATRAER INVERSIONES A MICHOAC\u00c1N"},"content":{"rendered":"<p>El secretario de gobierno del estado de Michoac\u00e1n Jes\u00fas Reyna Garc\u00eda, hizo un llamado a los integrantes de la Junta Local de Conciliaci\u00f3n y Arbitraje para preservar\u00a0 la paz laboral en el estado ya que esto, dijo \u201catraer\u00e1 las inversiones que generan los empleos formales y de calidad que demandan los michoacanos\u201d.<\/p>\n<p>&nbsp;<\/p>\n<p>Durante la toma de protesta de los representantes obrero-empresarial electos ante la Junta Local de Conciliaci\u00f3n y Arbitraje a donde acudi\u00f3 en representaci\u00f3n del gobernador Fausto Vallejo Figueroa, el encargado de la pol\u00edtica interna en el estado, exhort\u00f3 a los nuevos integrantes a hacer de la conciliaci\u00f3n una forma alternativa para la soluci\u00f3n de los conflictos laborales, sin que ello \u201cimplique menoscabo en los derechos de los trabajadores\u201d se\u00f1al\u00f3.<\/p>\n<p>&nbsp;<\/p>\n<p>De igual manera, encomend\u00f3 a \u00a0la nueva junta \u00a0impartir justicia, procurando un adecuado equilibrio entre los factores de la producci\u00f3n que aseguren el pleno respeto a los derechos individuales y colectivos de los trabajadores, plasmados en el art\u00edculo 123 de la Constituci\u00f3n Pol\u00edtica de los Estados Unidos Mexicanos.<\/p>\n<p>&nbsp;<\/p>\n<p>En su intervenci\u00f3n el\u00a0<em>presidente de la Junta<\/em>\u00a0Local, Miguel \u00c1ngel Guti\u00e9rrez Y\u00e9pez, apunt\u00f3 que las funciones de los nuevos representantes, ser\u00e1n las de participar en la discusi\u00f3n, votaci\u00f3n y aprobaci\u00f3n de las resoluciones que dicten los tribunales del trabajo, por lo que les pidi\u00f3 \u00a0hacer sus razonamientos al votar y a no violar la Ley Federal del Trabajo.<\/p>\n<p>As\u00ed, en cumplimiento a lo dispuesto por la Ley Federal del Trabajo en el art\u00edculo 663, los representantes del sector patronal y de los trabajadores de las diversas juntas especiales, protestaron guardar y hacer guardar la Constituci\u00f3n Pol\u00edtica de los Estados Unidos Mexicanos, la Ley Federal del Trabajo y dem\u00e1s ordenamientos que de ellas emanan.<\/p>\n<p>&nbsp;<\/p>\n<p>&nbsp;<\/p>\n<p>Al acto tambi\u00e9n asisti\u00f3 el subsecretario de gobierno Fernando Cano Ochoa; Rafael L\u00f3pez Hern\u00e1ndez, \u00a0secretario general de la federaci\u00f3n de \u00a0trabajadores del estado de Michoac\u00e1n (CTM); as\u00ed como Eugenio Torres Moreno, director del Trabajo y Previsi\u00f3n Social e integrantes de las c\u00e1maras y organismos empresariales y representantes del sector patronal del estado.<\/p>\n<p>&nbsp;<\/p>\n<p>&nbsp;<\/p>\n<p>&nbsp;<\/p>\n<p>&nbsp;<\/p>\n","protected":false},"excerpt":{"rendered":"<p>El secretario de gobierno del estado de Michoac\u00e1n Jes\u00fas Reyna Garc\u00eda, hizo un llamado a los integrantes de la Junta Local de Conciliaci\u00f3n y Arbitraje para preservar  la paz laboral en el estado ya que esto, dijo \u201catraer\u00e1 las inversiones que generan los empleos formales y de calidad que demandan los michoacanos\u201d. <\/p>\n<p>Durante la toma de protesta de los representantes obrero-empresarial electos ante la Junta Local de Conciliaci\u00f3n y Arbitraje a donde acudi\u00f3 en representaci\u00f3n del gobernador Fausto Vallejo Figueroa, el encargado de la pol\u00edtica interna en el estado, exhort\u00f3 a los nuevos integrantes a hacer de la conciliaci\u00f3n una forma alternativa para la soluci\u00f3n de los conflictos laborales, sin que ello \u201cimplique menoscabo en los derechos de los trabajadores\u201d se\u00f1al\u00f3. <\/p>\n<p>De igual manera, encomend\u00f3 a  la nueva junta  impartir justicia, procurando un adecuado equilibrio entre los factores de la producci\u00f3n que aseguren el pleno respeto a los derechos individuales y colectivos de los trabajadores, plasmados en el art\u00edculo 123 de la Constituci\u00f3n Pol\u00edtica de los Estados Unidos Mexicanos. <\/p>\n<p>En su intervenci\u00f3n el presidente de la Junta Local, Miguel \u00c1ngel Guti\u00e9rrez Y\u00e9pez, apunt\u00f3 que las funciones de los nuevos representantes, ser\u00e1n las de participar en la discusi\u00f3n, votaci\u00f3n y aprobaci\u00f3n de las resoluciones que dicten los tribunales del trabajo, por lo que les pidi\u00f3  hacer sus razonamientos al votar y a no violar la Ley Federal del Trabajo.<br \/>\nAs\u00ed, en cumplimiento a lo dispuesto por la Ley Federal del Trabajo en el art\u00edculo 663, los representantes del sector patronal y de los trabajadores de las diversas juntas especiales, protestaron guardar y hacer guardar la Constituci\u00f3n Pol\u00edtica de los Estados Unidos Mexicanos, la Ley Federal del Trabajo y dem\u00e1s ordenamientos que de ellas emanan.<\/p>\n<p>Al acto tambi\u00e9n asisti\u00f3 el subsecretario de gobierno Fernando Cano Ochoa; Rafael L\u00f3pez Hern\u00e1ndez,  secretario general de la federaci\u00f3n de  trabajadores del estado de Michoac\u00e1n (CTM); as\u00ed como Eugenio Torres Moreno, director del Trabajo y Previsi\u00f3n Social e integrantes de las c\u00e1maras y organismos empresariales y representantes del sector patronal del estado.<\/p>\n","protected":false},"author":1,"featured_media":0,"comment_status":"open","ping_status":"open","sticky":false,"template":"","format":"standard","meta":{"footnotes":""},"categories":[3],"tags":[],"class_list":["post-1160","post","type-post","status-publish","format-standard","hentry","category-gobierno-del-estado-de-michoacan"],"_links":{"self":[{"href":"https:\/\/radiowebmx.com\/nota\/wp-json\/wp\/v2\/posts\/1160","targetHints":{"allow":["GET"]}}],"collection":[{"href":"https:\/\/radiowebmx.com\/nota\/wp-json\/wp\/v2\/posts"}],"about":[{"href":"https:\/\/radiowebmx.com\/nota\/wp-json\/wp\/v2\/types\/post"}],"author":[{"embeddable":true,"href":"https:\/\/radiowebmx.com\/nota\/wp-json\/wp\/v2\/users\/1"}],"replies":[{"embeddable":true,"href":"https:\/\/radiowebmx.com\/nota\/wp-json\/wp\/v2\/comments?post=1160"}],"version-history":[{"count":2,"href":"https:\/\/radiowebmx.com\/nota\/wp-json\/wp\/v2\/posts\/1160\/revisions"}],"predecessor-version":[{"id":1163,"href":"https:\/\/radiowebmx.com\/nota\/wp-json\/wp\/v2\/posts\/1160\/revisions\/1163"}],"wp:attachment":[{"href":"https:\/\/radiowebmx.com\/nota\/wp-json\/wp\/v2\/media?parent=1160"}],"wp:term":[{"taxonomy":"category","embeddable":true,"href":"https:\/\/radiowebmx.com\/nota\/wp-json\/wp\/v2\/categories?post=1160"},{"taxonomy":"post_tag","embeddable":true,"href":"https:\/\/radiowebmx.com\/nota\/wp-json\/wp\/v2\/tags?post=1160"}],"curies":[{"name":"wp","href":"https:\/\/api.w.org\/{rel}","templated":true}]}}