{"id":1155,"date":"2013-02-05T09:31:03","date_gmt":"2013-02-05T15:31:03","guid":{"rendered":"https:\/\/radiowebmx.com\/nota\/?p=1155"},"modified":"2013-02-05T09:31:03","modified_gmt":"2013-02-05T15:31:03","slug":"el-dif-municipal-entrega-material-de-apoyo-a-los-cecades-del-municipio","status":"publish","type":"post","link":"https:\/\/radiowebmx.com\/nota\/el-dif-municipal-entrega-material-de-apoyo-a-los-cecades-del-municipio\/","title":{"rendered":"EL DIF MUNICIPAL ENTREGA MATERIAL DE APOYO A LOS CECADES DEL MUNICIPIO"},"content":{"rendered":"<p><span style=\"font-size: medium;\"><img loading=\"lazy\" decoding=\"async\" class=\"alignnone\" src=\"http:\/\/img72.imageshack.us\/img72\/2414\/img4673ru.jpg\" alt=\"\" width=\"591\" height=\"328\" \/>Con el prop\u00f3sito de mantener el buen funcionamiento de los\u00a0\u00a0Centros de Capacitaci\u00f3n y Desarrollo (Cecades), la presidenta del Sistema para el Desarrollo Integral de la Familia, DIF Morelia, Maggi Oribio de L\u00e1zaro, hizo entrega de equipo para los diferentes talleres.<\/span><\/p>\n<p><span style=\"font-size: medium;\">\u00a0<\/span><\/p>\n<p><span style=\"font-size: medium;\">Se trata de mesas de trabajo, sillas, botiquines, maniqu\u00edes, art\u00edculos de belleza como tenazas, secadoras, tijeras, m\u00e1quinas delineadoras y botes de pl\u00e1stico, entre otros, son algunos de los productos que entreg\u00f3, para su equipamiento a los\u00a0\u00a029 Centros que se ubican tanto en la zona urbana como rural del municipio con una inversi\u00f3n de 95 mil pesos.<\/span><\/p>\n<p><span style=\"font-size: medium;\">\u00a0<\/span><\/p>\n<p><span style=\"font-size: medium;\">Durante la entrega realizada en las instalaciones del DIF municipal, La Presidenta Maggi Oribio se\u00f1al\u00f3, que como autoridades del Ayuntamiento de Morelia es prioridad apoyar con este material porque las personas que toman cursos de capacitaci\u00f3n en los Cecades, son morelianos que buscan su superaci\u00f3n personal y sacar adelante a sus familias.<\/span><\/p>\n<p><span style=\"font-size: medium;\">\u00a0<\/span><\/p>\n<p><span style=\"font-size: medium;\">Apunt\u00f3 que los Centros de Capacitaci\u00f3n que prestan servicio a la ciudadan\u00eda tanto en el \u00e1rea urbana como la rural del municipio representan una oportunidad para que las personas se autoempleen e instalen su propio sal\u00f3n de belleza o vendan los productos que han aprendido a elaborar, abonando con ello a la econom\u00eda familiar.<\/span><\/p>\n<p><span style=\"font-size: medium;\">\u00a0<\/span><\/p>\n<p><span style=\"font-size: medium;\">La Presidenta del DIF Morelia coment\u00f3 que el material que hoy se les proporciona a las maestras de los Cecades facilitar\u00e1 su labor y representa un apoyo importante para las personas que acuden a los talleres cuenten con los mejores herramientas para su capacitaci\u00f3n.<\/span><\/p>\n<p><span style=\"font-size: medium;\">\u00a0<\/span><\/p>\n<p><span style=\"font-size: medium;\">Estuvieron presentes en el evento de entrega el Director de esta dependencia municipal\u00a0\u00a0Carlos Hern\u00e1ndez L\u00f3pez y el\u00a0\u00a0regidor Jorge Molina S\u00e1nchez, titular de la Comisi\u00f3n de la Mujer, Juventud y Deporte.<\/span><\/p>\n","protected":false},"excerpt":{"rendered":"<p>Con el prop\u00f3sito de mantener el buen funcionamiento de los  Centros de Capacitaci\u00f3n y Desarrollo (Cecades), la presidenta del Sistema para el Desarrollo Integral de la Familia, DIF Morelia, Maggi Oribio de L\u00e1zaro, hizo entrega de equipo para los diferentes talleres.<\/p>\n","protected":false},"author":1,"featured_media":0,"comment_status":"open","ping_status":"open","sticky":false,"template":"","format":"standard","meta":{"footnotes":""},"categories":[9],"tags":[],"class_list":["post-1155","post","type-post","status-publish","format-standard","hentry","category-morelia"],"_links":{"self":[{"href":"https:\/\/radiowebmx.com\/nota\/wp-json\/wp\/v2\/posts\/1155","targetHints":{"allow":["GET"]}}],"collection":[{"href":"https:\/\/radiowebmx.com\/nota\/wp-json\/wp\/v2\/posts"}],"about":[{"href":"https:\/\/radiowebmx.com\/nota\/wp-json\/wp\/v2\/types\/post"}],"author":[{"embeddable":true,"href":"https:\/\/radiowebmx.com\/nota\/wp-json\/wp\/v2\/users\/1"}],"replies":[{"embeddable":true,"href":"https:\/\/radiowebmx.com\/nota\/wp-json\/wp\/v2\/comments?post=1155"}],"version-history":[{"count":1,"href":"https:\/\/radiowebmx.com\/nota\/wp-json\/wp\/v2\/posts\/1155\/revisions"}],"predecessor-version":[{"id":1156,"href":"https:\/\/radiowebmx.com\/nota\/wp-json\/wp\/v2\/posts\/1155\/revisions\/1156"}],"wp:attachment":[{"href":"https:\/\/radiowebmx.com\/nota\/wp-json\/wp\/v2\/media?parent=1155"}],"wp:term":[{"taxonomy":"category","embeddable":true,"href":"https:\/\/radiowebmx.com\/nota\/wp-json\/wp\/v2\/categories?post=1155"},{"taxonomy":"post_tag","embeddable":true,"href":"https:\/\/radiowebmx.com\/nota\/wp-json\/wp\/v2\/tags?post=1155"}],"curies":[{"name":"wp","href":"https:\/\/api.w.org\/{rel}","templated":true}]}}