{"id":1151,"date":"2013-02-05T09:25:31","date_gmt":"2013-02-05T15:25:31","guid":{"rendered":"https:\/\/radiowebmx.com\/nota\/?p=1151"},"modified":"2013-02-05T09:25:31","modified_gmt":"2013-02-05T15:25:31","slug":"inicia-la-pgje-averiguacion-previa-por-el-homicidio-del-encargado-de-la-presidencia-municipal-de-nahuatzen","status":"publish","type":"post","link":"https:\/\/radiowebmx.com\/nota\/inicia-la-pgje-averiguacion-previa-por-el-homicidio-del-encargado-de-la-presidencia-municipal-de-nahuatzen\/","title":{"rendered":"Inicia la PGJE averiguaci\u00f3n previa por el homicidio del encargado de la Presidencia Municipal de Nahuatzen"},"content":{"rendered":"<p>La Procuradur\u00eda General de Justicia del Estado, dio inicio a la averiguaci\u00f3n previa penal n\u00famero 032\/2013-I por el delito de homicidio, cometido en agravio de Wilfrido Flores Villa, encargado de la Presidencia Municipal de Nahuatzen,\u00a0 quien fue privado de la vida la tarde de este lunes, en la municipalidad de P\u00e1tzcuaro.<\/p>\n<p>&nbsp;<\/p>\n<p>Hasta el lugar de los hechos, se traslad\u00f3 el subprocurador Regional de Morelia, Marco Vinicio Aguilera Garibay, en compa\u00f1\u00eda del director de Averiguaciones Previas de la Subprocuradur\u00eda Regional de Morelia, y del Agente del Ministerio P\u00fablico del distrito judicial de P\u00e1tzcuaro; as\u00ed como personal de la Direcci\u00f3n de Servicios Periciales y de la Polic\u00eda Ministerial, quienes se constituyeron a la altura del muelle de San Pedro, para iniciar las investigaciones correspondientes y ordenar el levantamiento del cad\u00e1ver de Flores Villa, el cual fue trasladado al Servicio M\u00e9dico Forense de la PGJE, donde le fue practicada la necropsia de ley.<\/p>\n<p>&nbsp;<\/p>\n<p>De acuerdo a las primeras investigaciones se sabe que hoy alrededor de las 13:00 horas, el ahora occiso fue privado de la vida, cuando se encontraba comiendo en un negocio que se ubica por el rumbo del \u00a0mencionado muelle, lugar a donde lleg\u00f3 un sujeto quien sin mediar palabra alguna dispar\u00f3 en contra de Wilfrido Flores Villa.<\/p>\n<p>&nbsp;<\/p>\n<p>El encargado de la Presidencia de Nahuatzen, recibi\u00f3 un impacto en su costado derecho, producido al parecer por una escopeta calibre.20, ocasionando que Flores Villa falleciera en el lugar de los hechos, pese a los esfuerzos de los param\u00e9dicos por salvarle la vida.<\/p>\n<p>&nbsp;<\/p>\n<p>La PGJE realiza las investigaciones correspondientes para el esclarecimiento de los hechos, dentro de la averiguaci\u00f3n previa iniciada por la representaci\u00f3n social.<\/p>\n","protected":false},"excerpt":{"rendered":"<p>La Procuradur\u00eda General de Justicia del Estado, dio inicio a la averiguaci\u00f3n previa penal n\u00famero 032\/2013-I por el delito de homicidio, cometido en agravio de Wilfrido Flores Villa, encargado de la Presidencia Municipal de Nahuatzen,  quien fue privado de la vida la tarde de este lunes, en la municipalidad de P\u00e1tzcuaro.<\/p>\n","protected":false},"author":1,"featured_media":0,"comment_status":"open","ping_status":"open","sticky":false,"template":"","format":"standard","meta":{"footnotes":""},"categories":[3],"tags":[],"class_list":["post-1151","post","type-post","status-publish","format-standard","hentry","category-gobierno-del-estado-de-michoacan"],"_links":{"self":[{"href":"https:\/\/radiowebmx.com\/nota\/wp-json\/wp\/v2\/posts\/1151","targetHints":{"allow":["GET"]}}],"collection":[{"href":"https:\/\/radiowebmx.com\/nota\/wp-json\/wp\/v2\/posts"}],"about":[{"href":"https:\/\/radiowebmx.com\/nota\/wp-json\/wp\/v2\/types\/post"}],"author":[{"embeddable":true,"href":"https:\/\/radiowebmx.com\/nota\/wp-json\/wp\/v2\/users\/1"}],"replies":[{"embeddable":true,"href":"https:\/\/radiowebmx.com\/nota\/wp-json\/wp\/v2\/comments?post=1151"}],"version-history":[{"count":1,"href":"https:\/\/radiowebmx.com\/nota\/wp-json\/wp\/v2\/posts\/1151\/revisions"}],"predecessor-version":[{"id":1152,"href":"https:\/\/radiowebmx.com\/nota\/wp-json\/wp\/v2\/posts\/1151\/revisions\/1152"}],"wp:attachment":[{"href":"https:\/\/radiowebmx.com\/nota\/wp-json\/wp\/v2\/media?parent=1151"}],"wp:term":[{"taxonomy":"category","embeddable":true,"href":"https:\/\/radiowebmx.com\/nota\/wp-json\/wp\/v2\/categories?post=1151"},{"taxonomy":"post_tag","embeddable":true,"href":"https:\/\/radiowebmx.com\/nota\/wp-json\/wp\/v2\/tags?post=1151"}],"curies":[{"name":"wp","href":"https:\/\/api.w.org\/{rel}","templated":true}]}}