{"id":11501,"date":"2014-11-14T14:20:20","date_gmt":"2014-11-14T20:20:20","guid":{"rendered":"https:\/\/radiowebmx.com\/nota\/?p=11501"},"modified":"2014-11-14T14:20:20","modified_gmt":"2014-11-14T20:20:20","slug":"el-gobernador-salvador-jara-intensifica-la-gestion-de-recursos-ante-la-camara-de-diputados","status":"publish","type":"post","link":"https:\/\/radiowebmx.com\/nota\/el-gobernador-salvador-jara-intensifica-la-gestion-de-recursos-ante-la-camara-de-diputados\/","title":{"rendered":"EL GOBERNADOR SALVADOR JARA INTENSIFICA LA GESTI\u00d3N DE RECURSOS ANTE LA C\u00c1MARA DE DIPUTADOS"},"content":{"rendered":"<p>En v\u00edsperas de la aprobaci\u00f3n del Presupuesto Federal de Egresos 2015, el gobernador Salvador Jara Guerrero intensific\u00f3 la gesti\u00f3n de recursos para Michoac\u00e1n, por lo que ayer y hoy sostuvo diversas reuniones en la C\u00e1mara de Diputados del Congreso de la Uni\u00f3n, donde dialog\u00f3 este jueves con Manlio Fabio Beltrones Rivera, coordinador del grupo parlamentario del PRI, a quien expuso las condiciones que prevalecen en Michoac\u00e1n, sobre todo en materia financiera.<\/p>\n<p>Acompa\u00f1ado por el diputado federal por Michoac\u00e1n, Eligio Cuitl\u00e1huac Gonz\u00e1lez Far\u00edas, el mandatario estatal\u00a0 expuso en su encuentro con Manlio Fabio Beltrones los esfuerzos que ha realizado su gobierno con el prop\u00f3sito de avanzar en el reordenamiento financiero de la administraci\u00f3n estatal: la implementaci\u00f3n de un programa de austeridad y la aplicaci\u00f3n de un plan para la reducci\u00f3n de gastos, fueron algunas de las estrategias que destac\u00f3 Salvador Jara.<\/p>\n<p>En la sede de la C\u00e1mara Baja, Salvador Jara ofreci\u00f3 a los legisladores informaci\u00f3n detallada\u00a0referente al paquete de 80 proyectos estrat\u00e9gicos -el cual ya hab\u00eda sido presentado a los diputados el 28 de octubre- \u00a0que en conjunto implican una inversi\u00f3n de 7 mil millones de pesos, con la particularidad de que algunos de \u00e9stos requerir\u00edan una programaci\u00f3n presupuestal multianual.<\/p>\n<p>En el di\u00e1logo que sostuvo con el l\u00edder de la bancada del PRI, Salvador Jara tambi\u00e9n aludi\u00f3 a la compleja situaci\u00f3n de crisis financiera que enfrenta la Universidad Michoacana de San Nicol\u00e1s de Hidalgo, para la cual requiri\u00f3 mayores apoyos puesto que el presupuesto federal que se le asigna no es acorde con la calidad acad\u00e9mica que ofrece la Casa de Hidalgo.<\/p>\n<p>Antes de viajar a la Ciudad de M\u00e9xico, el gobernador dijo a los medios de comunicaci\u00f3n que \u201cvan bien\u201d las gestiones de recursos ante el Poder Legislativo a nivel federal y ante la Secretar\u00eda de Hacienda y Cr\u00e9dito P\u00fablico (SHCP). Incluso, coment\u00f3 que antes de que concluya el a\u00f1o podr\u00edan radicarse 125 millones de pesos para el pago de adeudos con Ayuntamientos por concepto de Obra Convenida y fondos federales:\u00a0 \u201cel inter\u00e9s es que los alcaldes cierren bien el a\u00f1o, ya que esta \u00a0es una de las demandas m\u00e1s sentidas, no s\u00f3lo de los gobiernos municipales, sino de la poblaci\u00f3n de los municipios en general\u201d.<\/p>\n","protected":false},"excerpt":{"rendered":"<p>En v\u00edsperas de la aprobaci\u00f3n del Presupuesto Federal de Egresos 2015, el gobernador Salvador Jara Guerrero intensific\u00f3 la gesti\u00f3n de recursos para Michoac\u00e1n, por lo que ayer y hoy sostuvo diversas reuniones en la C\u00e1mara de Diputados del Congreso de la Uni\u00f3n, donde dialog\u00f3 este jueves con Manlio Fabio Beltrones Rivera, <\/p>\n","protected":false},"author":1,"featured_media":0,"comment_status":"open","ping_status":"open","sticky":false,"template":"","format":"standard","meta":{"footnotes":""},"categories":[3],"tags":[],"class_list":["post-11501","post","type-post","status-publish","format-standard","hentry","category-gobierno-del-estado-de-michoacan"],"_links":{"self":[{"href":"https:\/\/radiowebmx.com\/nota\/wp-json\/wp\/v2\/posts\/11501","targetHints":{"allow":["GET"]}}],"collection":[{"href":"https:\/\/radiowebmx.com\/nota\/wp-json\/wp\/v2\/posts"}],"about":[{"href":"https:\/\/radiowebmx.com\/nota\/wp-json\/wp\/v2\/types\/post"}],"author":[{"embeddable":true,"href":"https:\/\/radiowebmx.com\/nota\/wp-json\/wp\/v2\/users\/1"}],"replies":[{"embeddable":true,"href":"https:\/\/radiowebmx.com\/nota\/wp-json\/wp\/v2\/comments?post=11501"}],"version-history":[{"count":1,"href":"https:\/\/radiowebmx.com\/nota\/wp-json\/wp\/v2\/posts\/11501\/revisions"}],"predecessor-version":[{"id":11502,"href":"https:\/\/radiowebmx.com\/nota\/wp-json\/wp\/v2\/posts\/11501\/revisions\/11502"}],"wp:attachment":[{"href":"https:\/\/radiowebmx.com\/nota\/wp-json\/wp\/v2\/media?parent=11501"}],"wp:term":[{"taxonomy":"category","embeddable":true,"href":"https:\/\/radiowebmx.com\/nota\/wp-json\/wp\/v2\/categories?post=11501"},{"taxonomy":"post_tag","embeddable":true,"href":"https:\/\/radiowebmx.com\/nota\/wp-json\/wp\/v2\/tags?post=11501"}],"curies":[{"name":"wp","href":"https:\/\/api.w.org\/{rel}","templated":true}]}}