{"id":11498,"date":"2014-11-14T14:15:07","date_gmt":"2014-11-14T20:15:07","guid":{"rendered":"https:\/\/radiowebmx.com\/nota\/?p=11498"},"modified":"2014-11-14T14:15:07","modified_gmt":"2014-11-14T20:15:07","slug":"inauguran-edificio-corporativo-de-la-administracion-portuaria-integral-de-lazaro-cardenas","status":"publish","type":"post","link":"https:\/\/radiowebmx.com\/nota\/inauguran-edificio-corporativo-de-la-administracion-portuaria-integral-de-lazaro-cardenas\/","title":{"rendered":"INAUGURAN EDIFICIO CORPORATIVO DE LA ADMINISTRACI\u00d3N PORTUARIA INTEGRAL DE L\u00c1ZARO C\u00c1RDENAS"},"content":{"rendered":"<p>Con un reconocimiento a la labor que el Gobierno Federal realiza para que la zona costa del estado se desarrolle, el secretario de gobierno, Jaime Dar\u00edo Oseguera M\u00e9ndez, con la representaci\u00f3n personal del\u00a0 gobernador del Estado, Salvador Jara Guerrero, encabez\u00f3 en compa\u00f1\u00eda de Guillermo Ruiz de Teresa, coordinador general de Puertos y Marina Mercante de la Secretaria de Comunicaciones y Transportes (SCT), la inauguraci\u00f3n del Edificio Corporativo de la Administraci\u00f3n Portuaria Integral de L\u00e1zaro C\u00e1rdenas (APILAC).<\/p>\n<p>Durante el acto protocolario, el encargado de la pol\u00edtica interna del estado destac\u00f3 la inversi\u00f3n sin precedentes realizada por el gobierno federal de 140 millones de pesos en esta moderna obra, que sin duda, dijo, traer\u00e1 beneficios econ\u00f3micos a la entidad.<\/p>\n<p>\u201cLa apuesta por el puerto es una apuesta nacional, hoy es el momento de la econom\u00eda, es el momento de transitar hacia la otra parte de la estrategia del desarrollo integral de Michoac\u00e1n que se ha venido implementando por el presidente Enrique Pe\u00f1a Nieto\u201d, complement\u00f3.<\/p>\n<p>Reconoci\u00f3 que luego del combate frontal contra la delincuencia, lo que sigue es la creaci\u00f3n de empleos y el desarrollo regional; \u201cla apuesta es por nuestras capacidades y potencialidades locales\u201d.<\/p>\n<p>Destac\u00f3 a la APILAC como una empresa estatal eficiente que desde hace ya 20 a\u00f1os es manejada de manera honesta; muestra inequ\u00edvoca, dijo, de que es posible el trabajo conjunto con el sector privado.<\/p>\n<p>\u201cNo hay desarrollo posible, mientras el gobierno no genere las condiciones para que el sector privado pueda venir, invertir y desarrollarse, para que tenga menos riesgos y podamos hacer las cosas juntos, entonces cuando los diputados, el gobierno local, el municipio, el gobierno federal y los empresarios ponemos la mano para sacar adelante las cosas, creo que tenemos un desarrollo posible desde lo local\u201d, a\u00f1adi\u00f3.<\/p>\n<p>Finaliz\u00f3 al asegurar que la inauguraci\u00f3n de este moderno centro de operaciones y negocios portuarios ser\u00e1 una extraordinaria noticia no solo para Michoac\u00e1n sino para todo M\u00e9xico, de tal suerte que pidi\u00f3 al coordinador de puertos, ser el conducto para hacer llegar al presidente Pe\u00f1a Nieto, la gratitud del pueblo michoacano por las cosas que se hacen por el estado.<\/p>\n","protected":false},"excerpt":{"rendered":"<p>Con un reconocimiento a la labor que el Gobierno Federal realiza para que la zona costa del estado se desarrolle, el secretario de gobierno, Jaime Dar\u00edo Oseguera M\u00e9ndez, con la representaci\u00f3n personal del\u00a0 gobernador del Estado, Salvador Jara Guerrero, encabez\u00f3 en compa\u00f1\u00eda de Guillermo Ruiz de Teresa, coordinador general de Puertos y Marina Mercante de [&hellip;]<\/p>\n","protected":false},"author":1,"featured_media":0,"comment_status":"open","ping_status":"open","sticky":false,"template":"","format":"standard","meta":{"footnotes":""},"categories":[3],"tags":[],"class_list":["post-11498","post","type-post","status-publish","format-standard","hentry","category-gobierno-del-estado-de-michoacan"],"_links":{"self":[{"href":"https:\/\/radiowebmx.com\/nota\/wp-json\/wp\/v2\/posts\/11498","targetHints":{"allow":["GET"]}}],"collection":[{"href":"https:\/\/radiowebmx.com\/nota\/wp-json\/wp\/v2\/posts"}],"about":[{"href":"https:\/\/radiowebmx.com\/nota\/wp-json\/wp\/v2\/types\/post"}],"author":[{"embeddable":true,"href":"https:\/\/radiowebmx.com\/nota\/wp-json\/wp\/v2\/users\/1"}],"replies":[{"embeddable":true,"href":"https:\/\/radiowebmx.com\/nota\/wp-json\/wp\/v2\/comments?post=11498"}],"version-history":[{"count":2,"href":"https:\/\/radiowebmx.com\/nota\/wp-json\/wp\/v2\/posts\/11498\/revisions"}],"predecessor-version":[{"id":11500,"href":"https:\/\/radiowebmx.com\/nota\/wp-json\/wp\/v2\/posts\/11498\/revisions\/11500"}],"wp:attachment":[{"href":"https:\/\/radiowebmx.com\/nota\/wp-json\/wp\/v2\/media?parent=11498"}],"wp:term":[{"taxonomy":"category","embeddable":true,"href":"https:\/\/radiowebmx.com\/nota\/wp-json\/wp\/v2\/categories?post=11498"},{"taxonomy":"post_tag","embeddable":true,"href":"https:\/\/radiowebmx.com\/nota\/wp-json\/wp\/v2\/tags?post=11498"}],"curies":[{"name":"wp","href":"https:\/\/api.w.org\/{rel}","templated":true}]}}