{"id":11488,"date":"2014-11-14T11:11:37","date_gmt":"2014-11-14T17:11:37","guid":{"rendered":"https:\/\/radiowebmx.com\/nota\/?p=11488"},"modified":"2014-11-14T11:11:37","modified_gmt":"2014-11-14T17:11:37","slug":"salvador-jara-asiste-a-festejos-por-hazana-historica-de-lopez-rayon-en-tlalpujahua-y-tambien","status":"publish","type":"post","link":"https:\/\/radiowebmx.com\/nota\/salvador-jara-asiste-a-festejos-por-hazana-historica-de-lopez-rayon-en-tlalpujahua-y-tambien\/","title":{"rendered":"SALVADOR JARA ASISTE A FESTEJOS POR HAZA\u00d1A HIST\u00d3RICA DE L\u00d3PEZ RAY\u00d3N EN TLALPUJAHUA Y TAMBIEN"},"content":{"rendered":"<p>El gobernador del estado Salvador Jara Guerrero y el comisionado para la Seguridad y el Desarrollo Integral de Michoac\u00e1n, Alfredo Castillo Cervantes \u2013en representaci\u00f3n del presidente Enrique Pe\u00f1a Nieto-, asistieron a \u00a0la sesi\u00f3n solemne que el Congreso del Estado realiz\u00f3 en Tlalpujahua para conmemorar el CCII Aniversario de la Batalla del Cerro del Gallo que encabezaron los hermanos L\u00f3pez Ray\u00f3n\u00a0 frente a los imperialistas en 1812.<\/p>\n<p>Teniendo como sede el hist\u00f3rico Pueblo M\u00e1gico y justo en la explanada del Museo que hace honor a los hijos predilectos de Tlalpujahua, se realiz\u00f3 la sesi\u00f3n legislativa con la que el Congreso de Michoac\u00e1n se sum\u00f3 a los festejos organizados por el Ayuntamiento local respecto de este acto heroico en el que\u00a0Ignacio L\u00f3pez Ray\u00f3n, considerado el primer legislador mexicano, dio muestra del liderazgo, capacidad de estrategia, y sobre todo, del patriotismo que le caracteriz\u00f3.<\/p>\n<p>La rese\u00f1a hist\u00f3rica, \u00a0estuvo a cargo del Diputado Jos\u00e9 Eduardo Anaya G\u00f3mez se\u00f1al\u00f3 que el perfil de Ignacio L\u00f3pez Ray\u00f3n da cuenta de la dimensi\u00f3n de un mexicano que ofreci\u00f3 como ejemplo lo que un hombre puede hacer por su pueblo y por su naci\u00f3n.<\/p>\n<p>&#8220;Considerando la magnitud de esta figura, en Michoac\u00e1n y en M\u00e9xico requerimos seguir el buen ejemplo de los hombres y mujeres que forjaron esta tierra; es necesario retomar los idearios en que se finca nuestra armon\u00eda social, nuestro concepto de justicia y nuestra idea de libertad.<\/p>\n<p>Parafrase\u00f3 al propio L\u00f3pez Ray\u00f3n al se\u00f1alar que &#8220;solo la cobard\u00eda y la vagancia ser\u00e1n las \u00fanicas que denigran al ciudadano, \u00a0mientras que el templo del honor abrir\u00e1 indistintamente sus puertas al m\u00e9rito y la virtud&#8221;.<\/p>\n<p>Consider\u00f3 que debe ampliarse la visi\u00f3n personal, de familia y de pueblo, porque juntos, unidos por un bien com\u00fan, podemos fortalecer el trabajo de todos como unidad inquebrantable que permita considerarnos mexicanos capaces de ser mejores cada d\u00eda.<\/p>\n<p>Tras hacer un recuento de la lucha de L\u00f3pez Ray\u00f3n y el c\u00f3mo enfrent\u00f3 a Agust\u00edn de Iturbide ante los constituyentes, Anaya G\u00f3mez dijo a los presentes, a los representantes de los diferentes \u00f3rdenes de gobierno, que todos tienen la responsabilidad de ser mejores cada d\u00eda, &#8220;para que Tlalpujahua de Ignacio L\u00f3pez Ray\u00f3n sea una ciudad m\u00e1s digna, para que Michoac\u00e1n de Jos\u00e9 Mar\u00eda Morelos sea un estado m\u00e1s justo, y para que M\u00e9xico de Miguel Hidalgo sea una patria m\u00e1s grande y m\u00e1s digna para todos&#8221;.<\/p>\n<p>Al t\u00e9rmino de la sesi\u00f3n, los titulares de los Poderes Ejecutivo, Legislativo y Judicial de Michoac\u00e1n, junto con el comisionado Alfredo Castillo y el edil de Tlalpujahua, Alfredo Mu\u00f1oz, develaron la placa conmemorativa de este evento.<\/p>\n<p><b>SE HERMANAN TLALPUJAHUA Y ATLACOMULCO<\/b><\/p>\n<p>Por decisi\u00f3n un\u00e1nime del Cabildo de Tlalpujahua, en sesi\u00f3n solemne del cuerpo edilicio \u00a0se entreg\u00f3 la Presea &#8220;Ignacio L\u00f3pez Ray\u00f3n&#8221; al presidente de M\u00e9xico Enrique Pe\u00f1a Nieto, que recibi\u00f3 en su nombre el comisionado para la Seguridad y el Desarrollo Integral del estado, Alfredo Castillo Cervantes.<\/p>\n<p>A decir del presidente municipal Alfredo Federico Mu\u00f1oz Ruiz, \u00a0el jefe del Ejecutivo federal se hizo merecedor a este reconocimiento por las acciones que ha realizado a favor de Michoac\u00e1n y Tlalpujahua, lo que se ha visto reflejado en el crecimiento de la afluencia tur\u00edstica en este municipio que en 2012 recibi\u00f3 a 150 mil visitantes, pero en lo que va de este a\u00f1o ha recibido a 420 mil turistas. Adem\u00e1s, destac\u00f3 \u00a0la aportaci\u00f3n en infraestructura hospitalaria, de desarrollo social y cultura en este municipio.<\/p>\n<p>Antes, como parte del festejo hist\u00f3rico, en sesi\u00f3n solemne de Cabildo el alcalde de Tlalpujahua Alfredo Federico Mu\u00f1oz Ruiz y Arturo V\u00e9lez Escamilla, edil de Atlacomulco, Estado de M\u00e9xico, signaron el convenio que hermana a ambas ciudades en pro del desarrollo cultural, social y econ\u00f3mico de sus comunidades.<\/p>\n<p>&nbsp;<\/p>\n","protected":false},"excerpt":{"rendered":"<p>El gobernador del estado Salvador Jara Guerrero y el comisionado para la Seguridad y el Desarrollo Integral de Michoac\u00e1n, Alfredo Castillo Cervantes \u2013en representaci\u00f3n del presidente Enrique Pe\u00f1a Nieto-<\/p>\n","protected":false},"author":1,"featured_media":11489,"comment_status":"open","ping_status":"open","sticky":false,"template":"","format":"standard","meta":{"footnotes":""},"categories":[14,3],"tags":[],"class_list":["post-11488","post","type-post","status-publish","format-standard","has-post-thumbnail","hentry","category-destacadas","category-gobierno-del-estado-de-michoacan"],"_links":{"self":[{"href":"https:\/\/radiowebmx.com\/nota\/wp-json\/wp\/v2\/posts\/11488","targetHints":{"allow":["GET"]}}],"collection":[{"href":"https:\/\/radiowebmx.com\/nota\/wp-json\/wp\/v2\/posts"}],"about":[{"href":"https:\/\/radiowebmx.com\/nota\/wp-json\/wp\/v2\/types\/post"}],"author":[{"embeddable":true,"href":"https:\/\/radiowebmx.com\/nota\/wp-json\/wp\/v2\/users\/1"}],"replies":[{"embeddable":true,"href":"https:\/\/radiowebmx.com\/nota\/wp-json\/wp\/v2\/comments?post=11488"}],"version-history":[{"count":2,"href":"https:\/\/radiowebmx.com\/nota\/wp-json\/wp\/v2\/posts\/11488\/revisions"}],"predecessor-version":[{"id":11491,"href":"https:\/\/radiowebmx.com\/nota\/wp-json\/wp\/v2\/posts\/11488\/revisions\/11491"}],"wp:featuredmedia":[{"embeddable":true,"href":"https:\/\/radiowebmx.com\/nota\/wp-json\/wp\/v2\/media\/11489"}],"wp:attachment":[{"href":"https:\/\/radiowebmx.com\/nota\/wp-json\/wp\/v2\/media?parent=11488"}],"wp:term":[{"taxonomy":"category","embeddable":true,"href":"https:\/\/radiowebmx.com\/nota\/wp-json\/wp\/v2\/categories?post=11488"},{"taxonomy":"post_tag","embeddable":true,"href":"https:\/\/radiowebmx.com\/nota\/wp-json\/wp\/v2\/tags?post=11488"}],"curies":[{"name":"wp","href":"https:\/\/api.w.org\/{rel}","templated":true}]}}