{"id":11485,"date":"2014-11-14T11:07:14","date_gmt":"2014-11-14T17:07:14","guid":{"rendered":"https:\/\/radiowebmx.com\/nota\/?p=11485"},"modified":"2014-11-14T11:07:14","modified_gmt":"2014-11-14T17:07:14","slug":"capacita-1em-coordinadores-de-apoyo-a-organos-decentrados-capacita-iem","status":"publish","type":"post","link":"https:\/\/radiowebmx.com\/nota\/capacita-1em-coordinadores-de-apoyo-a-organos-decentrados-capacita-iem\/","title":{"rendered":"CAPACITA 1EM COORDINADORES DE APOYO A \u00d3RGANOS DECENTRADOS Capacita IEM"},"content":{"rendered":"<p>Consejeros Electorales y funcionarios de la Junta Estatal Ejecutiva del Instituto Electoral de Michoac\u00e1n (IEM) \u00a0iniciaron las capacitaciones para los Integrantes de la Unidad de Apoyo a \u00d3rganos Desconcentrados quienes fungir\u00e1n como canal de comunicaci\u00f3n e informaci\u00f3n entre el \u00d3rgano Central y los Consejos y Comit\u00e9s Distritales y Municipales.<\/p>\n<p>Los objetivos de esta capacitaci\u00f3n son informar a los integrantes de la Unidad sobre sus funciones a realizar seg\u00fan los art\u00edculos 50 y 52 del Reglamento Interior del Instituto Electoral, brindarles los insumos para su desempe\u00f1o, as\u00ed como ofrecerles conocimientos generales, introductorios e informaci\u00f3n necesaria sobre el proceso electoral y el marco legal para el adecuado desarrollo de sus atribuciones especificas.<\/p>\n<p>El Consejero Presidente, Ram\u00f3n Hern\u00e1ndez Reyes, expres\u00f3 la importancia de este proceso de capacitaci\u00f3n ya que\u00a0la Unidad de Apoyo a \u00d3rganos Desconcentrados ser\u00e1 responsable proporcionar a los Consejos y Comit\u00e9s Distritales y Municipales del IEM los insumos, apoyo y recursos necesarios para llevar a cabo las funciones que tienen encomendadas y resolver las dudas que puedan surgir durante el proceso de manera conjunta con el \u00d3rgano Central por lo que los invit\u00f3 a llevar a cabo los trabajos con probidad.<\/p>\n<p>La Consejera Yurisha Andrade Morales resalt\u00f3 que, debido a la Reforma Electoral, es indispensable que quienes coadyuvar\u00e1n con el Instituto en la organizaci\u00f3n del proceso electoral conozcan a profundidad las nuevas funciones del IEM.<\/p>\n<p>La Consejera Elvia Higuera P\u00e9rez reconoci\u00f3 el valor de la experiencia de quienes integran la Unidad de Apoyo a \u00d3rganos Desconcentrados ya que \u201ctodos somos parte del mismo equipo\u201d por lo que confi\u00f3 en el trabajo en conjunto.<\/p>\n<p>El Consejero Humberto Urquiza Mart\u00ednez record\u00f3 que con la Reforma, se realizar\u00e1n muchas actividades en coordinaci\u00f3n con el Instituto Nacional Electoral (INE) y que la Unidad es parte fundamental en la operatividad del proceso que \u201ces una oportunidad para demostrar que, con la participaci\u00f3n de todos, \u00a0se lograr\u00e1 que la elecci\u00f3n llegue a buen puerto\u201d.<\/p>\n<p>&nbsp;<\/p>\n<p>Los Consejeros\u00a0Martha L\u00f3pez Gonz\u00e1lez, Jos\u00e9 Rom\u00e1n Ram\u00edrez Vargas y Jaime Rivera Vel\u00e1zquez, confiaron en que los integrantes de la Unidad realizar\u00e1n un trabajo responsable e institucional.<\/p>\n<p>&nbsp;<\/p>\n<p>Por su parte, los asistentes a\u00a0 esta primera capacitaci\u00f3n para quienes ser\u00e1n el v\u00ednculo entre el \u00d3rgano Central y los Consejos y Comit\u00e9s Distritales y Municipales se comprometieron a cumplir con las demandas de sus funciones y, por tanto, darle resultados a la sociedad.<\/p>\n<p>&nbsp;<\/p>\n<p>Las \u00e1reas del Instituto que participaron en la capacitaci\u00f3n fueron la Secretar\u00eda Ejecutiva del Instituto apoyada por la Unidad Jur\u00eddica, la Unidad de Apoyo a \u00d3rganos Desconcentrados y la Unidad de Archivo; la Vocal\u00eda de Administraci\u00f3n y Prerrogativas; Vocal\u00eda de Organizaci\u00f3n Electoral; Vocal\u00eda de Capacitaci\u00f3n Electoral y Educaci\u00f3n C\u00edvica y Vocal\u00eda de Vinculaci\u00f3n y Servicio Profesional Electoral.<\/p>\n<p>&nbsp;<\/p>\n","protected":false},"excerpt":{"rendered":"<p>Consejeros Electorales y funcionarios de la Junta Estatal Ejecutiva del Instituto Electoral de Michoac\u00e1n (IEM)  iniciaron las capacitaciones para los Integrantes de la Unidad de Apoyo a \u00d3rganos Desconcentrados quienes fungir\u00e1n como canal de comunicaci\u00f3n e informaci\u00f3n entre el \u00d3rgano Central y los Consejos y Comit\u00e9s Distritales y Municipales.<\/p>\n","protected":false},"author":1,"featured_media":11486,"comment_status":"open","ping_status":"open","sticky":false,"template":"","format":"standard","meta":{"footnotes":""},"categories":[14,3],"tags":[],"class_list":["post-11485","post","type-post","status-publish","format-standard","has-post-thumbnail","hentry","category-destacadas","category-gobierno-del-estado-de-michoacan"],"_links":{"self":[{"href":"https:\/\/radiowebmx.com\/nota\/wp-json\/wp\/v2\/posts\/11485","targetHints":{"allow":["GET"]}}],"collection":[{"href":"https:\/\/radiowebmx.com\/nota\/wp-json\/wp\/v2\/posts"}],"about":[{"href":"https:\/\/radiowebmx.com\/nota\/wp-json\/wp\/v2\/types\/post"}],"author":[{"embeddable":true,"href":"https:\/\/radiowebmx.com\/nota\/wp-json\/wp\/v2\/users\/1"}],"replies":[{"embeddable":true,"href":"https:\/\/radiowebmx.com\/nota\/wp-json\/wp\/v2\/comments?post=11485"}],"version-history":[{"count":1,"href":"https:\/\/radiowebmx.com\/nota\/wp-json\/wp\/v2\/posts\/11485\/revisions"}],"predecessor-version":[{"id":11487,"href":"https:\/\/radiowebmx.com\/nota\/wp-json\/wp\/v2\/posts\/11485\/revisions\/11487"}],"wp:featuredmedia":[{"embeddable":true,"href":"https:\/\/radiowebmx.com\/nota\/wp-json\/wp\/v2\/media\/11486"}],"wp:attachment":[{"href":"https:\/\/radiowebmx.com\/nota\/wp-json\/wp\/v2\/media?parent=11485"}],"wp:term":[{"taxonomy":"category","embeddable":true,"href":"https:\/\/radiowebmx.com\/nota\/wp-json\/wp\/v2\/categories?post=11485"},{"taxonomy":"post_tag","embeddable":true,"href":"https:\/\/radiowebmx.com\/nota\/wp-json\/wp\/v2\/tags?post=11485"}],"curies":[{"name":"wp","href":"https:\/\/api.w.org\/{rel}","templated":true}]}}