{"id":11480,"date":"2014-11-13T10:28:38","date_gmt":"2014-11-13T16:28:38","guid":{"rendered":"https:\/\/radiowebmx.com\/nota\/?p=11480"},"modified":"2014-11-13T10:28:38","modified_gmt":"2014-11-13T16:28:38","slug":"cuenta-pgje-con-mandatos-judiciales-de-captura-contra-implicados-en-actos-vandalicos","status":"publish","type":"post","link":"https:\/\/radiowebmx.com\/nota\/cuenta-pgje-con-mandatos-judiciales-de-captura-contra-implicados-en-actos-vandalicos\/","title":{"rendered":"CUENTA PGJE CON MANDATOS JUDICIALES DE CAPTURA CONTRA IMPLICADOS EN ACTOS VAND\u00c1LICOS"},"content":{"rendered":"<p>La Procuradur\u00eda General de Justicia del Estado (PGJE) inform\u00f3 que derivado de los actos vand\u00e1licos suscitados durante las \u00faltimas semanas, en el contexto de las manifestaciones de estudiantes normalistas, se han abierto once expedientes y se cuenta con mandatos judiciales de captura en contra de probables responsables de hechos delictivos, \u00a0\u201cmismos que ser\u00e1n ejecutados en el momento oportuno, cuando las condiciones permitan que se cumplan dichos mandamientos\u201d.<\/p>\n<p>Acompa\u00f1ado por el subprocurador de Morelia, Jaime Rodr\u00edguez Aguilar, y por Rolando L\u00f3pez Villase\u00f1or, \u00a0subsecretario de Enlace Legislativo y Asuntos Registrales del Gobierno del Estado, el procurador Jos\u00e9 Mart\u00edn Godoy Castro dirigi\u00f3 un mensaje a los medios de comunicaci\u00f3n para ampliar la informaci\u00f3n sobre el trabajo de investigaci\u00f3n que realiza la PGJE en torno a los actos vand\u00e1licos registrados durante los \u00faltimos d\u00edas, principalmente en la capital del estado.<\/p>\n<p>El titular de la PGJE afirm\u00f3 que con base en datos aportados por denunciantes y por el \u00a0Centro de Comunicaciones, C\u00f3mputo, Control y Comando (C4), adem\u00e1s del trabajo de inteligencia realizado por la propia Procuradur\u00eda, se ha logrado identificar a probables responsables de actos delictivos, no obstante que tratan de ocultar su identidad con pasamonta\u00f1as y pa\u00f1uelos sobre el rostro; \u201cya los tenemos identificados,\u00a0 sobre ellos \u00a0estaremos actuando, ser\u00e1n consignados\u201d, enfatiz\u00f3 Godoy Castro.<\/p>\n<p>Sobre los hechos delictivos en perjuicio de partidos pol\u00edticos como el PAN, PRI, PRD y Nueva Alianza, as\u00ed como de la Secretar\u00eda de Finanzas del Gobierno del Estado, establecimientos comerciales e instalaciones p\u00fablicas, asegur\u00f3 que \u201cdesde el momento mismo que fuera notificada la PGJE de cada uno de estos eventos, a trav\u00e9s de la denuncia penal, la representaci\u00f3n social ha iniciado las averiguaciones previas \u00a0correspondientes\u201d.<\/p>\n<p>Recalc\u00f3 que se han realizado diversas diligencias periciales, como la evaluaci\u00f3n de da\u00f1os en las sedes partidistas, y se ha instruido a los elementos ministeriales a que realicen \u00a0indagatorias que coadyuven al esclarecimiento de los hechos para lograr el ejercicio de la acci\u00f3n penal en contra de quien resulte responsable.<\/p>\n<p>Desde que Jos\u00e9 Mart\u00edn Godoy asumi\u00f3 la titularidad de la PGJE,\u00a0 el pasado 30 de enero, se han integrado en total \u00a057 averiguaciones previas por denuncias relacionadas con \u201ceste tipo de hechos vand\u00e1licos en el estado\u201d. El procurador detall\u00f3 que se ha ejercitado acci\u00f3n penal en varios de estos casos, por lo que 147 personas\u00a0 han sido sujetas a procesos penales, y se han obtenido sentencias condenatorias contra 42 personas.<\/p>\n<p>&nbsp;<\/p>\n","protected":false},"excerpt":{"rendered":"<p>La Procuradur\u00eda General de Justicia del Estado (PGJE) inform\u00f3 que derivado de los actos vand\u00e1licos suscitados durante las \u00faltimas semanas, en el contexto de las manifestaciones de estudiantes normalistas,<\/p>\n","protected":false},"author":1,"featured_media":11481,"comment_status":"open","ping_status":"open","sticky":false,"template":"","format":"standard","meta":{"footnotes":""},"categories":[14,3],"tags":[],"class_list":["post-11480","post","type-post","status-publish","format-standard","has-post-thumbnail","hentry","category-destacadas","category-gobierno-del-estado-de-michoacan"],"_links":{"self":[{"href":"https:\/\/radiowebmx.com\/nota\/wp-json\/wp\/v2\/posts\/11480","targetHints":{"allow":["GET"]}}],"collection":[{"href":"https:\/\/radiowebmx.com\/nota\/wp-json\/wp\/v2\/posts"}],"about":[{"href":"https:\/\/radiowebmx.com\/nota\/wp-json\/wp\/v2\/types\/post"}],"author":[{"embeddable":true,"href":"https:\/\/radiowebmx.com\/nota\/wp-json\/wp\/v2\/users\/1"}],"replies":[{"embeddable":true,"href":"https:\/\/radiowebmx.com\/nota\/wp-json\/wp\/v2\/comments?post=11480"}],"version-history":[{"count":2,"href":"https:\/\/radiowebmx.com\/nota\/wp-json\/wp\/v2\/posts\/11480\/revisions"}],"predecessor-version":[{"id":11483,"href":"https:\/\/radiowebmx.com\/nota\/wp-json\/wp\/v2\/posts\/11480\/revisions\/11483"}],"wp:featuredmedia":[{"embeddable":true,"href":"https:\/\/radiowebmx.com\/nota\/wp-json\/wp\/v2\/media\/11481"}],"wp:attachment":[{"href":"https:\/\/radiowebmx.com\/nota\/wp-json\/wp\/v2\/media?parent=11480"}],"wp:term":[{"taxonomy":"category","embeddable":true,"href":"https:\/\/radiowebmx.com\/nota\/wp-json\/wp\/v2\/categories?post=11480"},{"taxonomy":"post_tag","embeddable":true,"href":"https:\/\/radiowebmx.com\/nota\/wp-json\/wp\/v2\/tags?post=11480"}],"curies":[{"name":"wp","href":"https:\/\/api.w.org\/{rel}","templated":true}]}}