{"id":1146,"date":"2013-02-05T09:12:01","date_gmt":"2013-02-05T15:12:01","guid":{"rendered":"https:\/\/radiowebmx.com\/nota\/?p=1146"},"modified":"2013-02-05T09:12:01","modified_gmt":"2013-02-05T15:12:01","slug":"transcripcion-entrevista-gobernador-fausto-vallejo-figueroa","status":"publish","type":"post","link":"https:\/\/radiowebmx.com\/nota\/transcripcion-entrevista-gobernador-fausto-vallejo-figueroa\/","title":{"rendered":"TRANSCRIPCI\u00d3N ENTREVISTA GOBERNADOR FAUSTO VALLEJO FIGUEROA"},"content":{"rendered":"<p><strong>Pregunta.- <\/strong>La semana pasada se dio un hecho lamentable de unas personas en Tamaulipas, unos empresarios que fueron a hacer negocios y lamentablemente perdieron la vida, un llamado no s\u00e9, \u00bfhay alguna alerta para los michoacanos en viajes de este tipo?<\/p>\n<p>&nbsp;<\/p>\n<p><strong>Fausto Vallejo Figueroa.-<\/strong> Son cuestiones muy eventuales, obviamente son zonas peligrosas, delicadas, nos informaron en las noticias, sin sacar raja de ese problema, hemos estado en contacto con el gobierno de Tamaulipas para que nos informe hasta d\u00f3nde pueden investigar y ojal\u00e1 que puedan resolver el caso. Hemos estado en contacto en los tr\u00e1mites tambi\u00e9n para su traslado, la seguridad de los deudos y en tercer lugar, nos estamos haciendo cargo de los gastos, hemos estado en contacto con los deudos y estamos en eso.<\/p>\n<p>&nbsp;<\/p>\n<p><strong>Pregunta.-<\/strong> Se\u00f1or \u00bfhay alguna situaci\u00f3n similar, tendr\u00e1 usted alguna cifra de michoacanos desaparecidos en algunos otros estados bajo esas mismas condiciones o condiciones similares?<\/p>\n<p>&nbsp;<\/p>\n<p><strong>Fausto Vallejo Figueroa.-<\/strong> No, no la tengo yo en lo personal pero la deben tener registrada obviamente en la Procuradur\u00eda.<\/p>\n<p>&nbsp;<\/p>\n<p><strong>Pregunta.-<\/strong> Gobernador \u00bfc\u00f3mo van las gestiones con el gobierno federal para los apoyos que requiere Michoac\u00e1n y ahora con lo que usted le planteaba a los senadores y diputados del PRD?<\/p>\n<p>&nbsp;<\/p>\n<p><strong>Fausto Vallejo Figueroa.- <\/strong>Van caminando lentamente, obviamente tienen que ver aspectos de la Rep\u00fablica no nada m\u00e1s de Michoac\u00e1n, pero se han logrado cosas sustantivas, tuvimos que pagar parte del ISR que se adeudaba pero lo dem\u00e1s nos lo han condonado, llegamos a ese acuerdo; no nos est\u00e1n presionando como nos ven\u00edan presionando al pago del IMSS e ISSSTE, tendremos que llegar a acuerdos con ellos para pagar estas cantidades importantes.<\/p>\n<p>&nbsp;<\/p>\n<p><strong>Pregunta.-<\/strong> \u00bfHay una cantidad espec\u00edfica que usted est\u00e9 requiriendo a los diputados en esta petici\u00f3n que les hac\u00eda de apoyo?<\/p>\n<p>&nbsp;<\/p>\n<p><strong>Fausto Vallejo Figueroa.-<\/strong> No, pero que nos suelten lo que a todos los dem\u00e1s estados les est\u00e1n soltando; por ejemplo, la Prueba Enlace casi perdemos tres mil 500 millones de pesos, es el gran boquete financiero que se tiene, entonces tenemos que hacer tambi\u00e9n nuestra tarea concientizando a la gente de aqu\u00ed, al magisterio de aqu\u00ed que se opone a la Prueba Enlace para que obviamente se puedan sumar a esto.<\/p>\n<p>&nbsp;<\/p>\n<p>Otro \u2013ejemplo- que me atrevo a decirles es que yo estoy con la Reforma Educativa, estoy por la Reforma Educativa, obviamente hay que tropicalizar algunas necesidades y algunas otras ideas constructivas que vienen enriqueciendo o que pueden enriquecer este proyecto de Reforma Educativa y eso lo digo porque creo que todos tenemos que aportar, cuando se trata de construir todos tenemos que aportar.<\/p>\n<p>&nbsp;<\/p>\n<p><strong>Pregunta.-<\/strong> Gobernador \u00bfqu\u00e9 informaci\u00f3n tiene sobre el encuentro que tendr\u00e1 hoy, si no estoy mal informada, para ver lo del Plan de Austeridad, qu\u00e9 nos pudiera adelantar?<\/p>\n<p>&nbsp;<\/p>\n<p><strong>Fausto Vallejo Figueroa<\/strong>.- Bueno que va muy enserio independientemente de lo del Presupuesto de Egresos cero d\u00e9ficit, tengo que hacer acciones muy fuertes, bajar sueldos de funcionarios, quitarle los carros a todos los funcionarios que no operen en s\u00ed; la gasolina, los celulares, pero ya son cuestiones en donde nosotros debemos dar resultados mucho muy claros. Vamos a hacer tambi\u00e9n una acci\u00f3n concentradora en materia de adquisiciones, todas las adquisiciones tendr\u00e1n que pasar por ah\u00ed, estando al pendiente de las mismas para ver qu\u00e9 ahorro podemos tener.<\/p>\n<p>&nbsp;<\/p>\n<p><strong>Pregunta.- <\/strong>En este sentido gobernador, el director del Cedemun precis\u00f3 que el ahorro del Plan de Austeridad ser\u00eda para obras de los municipios \u00bfesto es cierto?<\/p>\n<p>&nbsp;<\/p>\n<p><strong>Fausto Vallejo Figueroa.-<\/strong> No todo para eso, sino es en parte para pagar lo que se debe, todav\u00eda debemos una cantidad a los constructores, ya nada m\u00e1s les debemos 50 millones de pesos, ha sido un gran avance pero a los dem\u00e1s todav\u00eda les debemos, debemos todav\u00eda a la federaci\u00f3n. Yo quiero fortalecer fundamentalmente, mi condici\u00f3n municipalista me obliga a que tratemos de fortalecer a los ayuntamientos, por eso me hice cargo de lo que se les qued\u00f3 a deber desde el 2011 y ya pagamos pr\u00e1cticamente todo lo que se deb\u00eda del 2011 pero faltan obviamente los fondos federales.<\/p>\n<p>&nbsp;<\/p>\n<p><strong>Pregunta.-<\/strong> Se incrementan las participaciones Federales hasta en un 6 por ciento.<\/p>\n<p><strong>\u00a0<\/strong><\/p>\n<p><strong>Fausto Vallejo Figueroa.- <\/strong>Hasta en un 6 por ciento, somos de los 5 estados que fuimos favorecidos.<\/p>\n<p>&nbsp;<\/p>\n<p><strong>Pregunta.-<\/strong> \u00bfS abe el monto aproximado que esto representa?<\/p>\n<p>&nbsp;<\/p>\n<p><strong>Fausto Vallejo Figueroa<\/strong>.- No lo traigo ahorita y hay que ser muy precisos.<\/p>\n<p>&nbsp;<\/p>\n<p><strong>Pregunta.- <\/strong>Se\u00f1or, a unos d\u00edas de su informe, \u00bfya tiene los ejes principales en los que se va a regir este primer a\u00f1o de gobierno?<\/p>\n<p>&nbsp;<\/p>\n<p><strong>Fausto Vallejo Figueroa.-<\/strong> Siempre los he tenido presentes.<\/p>\n<p>&nbsp;<\/p>\n<p><strong>Pregunta.- <\/strong>\u00bfCu\u00e1les son?<\/p>\n<p>&nbsp;<\/p>\n<p><strong>Fausto Vallejo Figueroa.-<\/strong> Los vamos a aplicar obviamente que son los ejes en materia de seguridad, estabilidad financiera, educaci\u00f3n, salud y empleo.<\/p>\n<p>&nbsp;<\/p>\n<p><strong>Pregunta.-<\/strong> \u00bfCalifica como complicado este primer a\u00f1o de gobierno?<\/p>\n<p>&nbsp;<\/p>\n<p><strong>Fausto Vallejo Figueroa<\/strong>.- Fue demasiado complicado y \u00e9ste no est\u00e1 exento de complicaciones.<\/p>\n<p>&nbsp;<\/p>\n<p><strong>Pregunta.-<\/strong> \u00bfCu\u00e1l fue la mayor complicaci\u00f3n, el tema financiero o la seguridad?<\/p>\n<p>&nbsp;<\/p>\n<p><strong>Fausto Vallejo Figueroa.-\u00a0 <\/strong>Esp\u00e9rese al 14 y t\u00e9ngame paciencia.<\/p>\n<p>&nbsp;<\/p>\n<p><strong>Pregunta.-<\/strong> En su visita el d\u00eda de hoy es ejemplo de que este es el a\u00f1o de los acuerdos con todos los partidos pol\u00edticos de Michoac\u00e1n, los proyectos.<\/p>\n<p>&nbsp;<\/p>\n<p><strong>Fausto Vallejo Figueroa.-<\/strong> Es que la sociedad nos est\u00e1 exigiendo a todos y las experiencias nos dicen que hay que ser sensibles y hay que atender al pueblo y el pueblo lo que est\u00e1 exigiendo son acuerdos, los fundamentales, donde no se pierda la sustancia ideol\u00f3gica o de partido.<\/p>\n<p>&nbsp;<\/p>\n<p><strong>Pregunta.-<\/strong> Ma\u00f1ana cumple un a\u00f1o el gobierno comunal de Cher\u00e1n \u00bfc\u00f3mo ha sido esa relaci\u00f3n?<\/p>\n<p>&nbsp;<\/p>\n<p><strong>Fausto Vallejo Figueroa.-<\/strong> Ha sido respetuosa, no es la deseable porque no podemos obviamente estar permitiendo que fuera de la ley, lo que no est\u00e1 normado se siga avanzando o inclusive apoyar; estamos siendo respetuosos, les hemos instalado ah\u00ed que era lo que ellos ped\u00edan seguridad, se ha parado a los talamontes tambi\u00e9n porque ellos protegen al interior de su poblaci\u00f3n pero no al exterior y ah\u00ed nosotros hemos intervenido al exterior con la Sedena, aqu\u00ed hay que hacer un gran reconocimiento a la Polic\u00eda Federal, a la Marina y obviamente en coordinaci\u00f3n con la Secretar\u00eda de Seguridad y Procuradur\u00eda, quienes\u00a0 vienen avanzando, se nos ha multiplicado el problema de inseguridad pero ustedes mismos vean en los medios de comunicaci\u00f3n y ver\u00e1n como diario se detienen secuestradores, como diario se apresa gente, como diario se esclarecen una serie de problemas.<\/p>\n<p>&nbsp;<\/p>\n<p><strong>Pregunta.-<\/strong> \u00bfNo es m\u00e1s como movimiento social el gobierno de Cher\u00e1n?<\/p>\n<p>&nbsp;<\/p>\n<p><strong>Fausto Vallejo Figueroa.-<\/strong> Hay algo de eso por supuesto.<\/p>\n<p>&nbsp;<\/p>\n<p><strong>Pregunta.-<\/strong> Gobernador \u00bfen qu\u00e9 porcentaje estar\u00edan reduciendo el salario de los funcionarios y a partir de cu\u00e1ndo?<\/p>\n<p>&nbsp;<\/p>\n<p><strong>Fausto Vallejo Figueroa.-<\/strong> No s\u00e9 si el uno por ciento o el diez por ciento, o el 15 por ciento, eso me lo van a presentar precisamente hoy. Debemos dar muestras nosotros obviamente en ese tema de que tambi\u00e9n estamos concientes independientemente que no se ha aumentado un solo cinco, que ya es una contenci\u00f3n importante y es un avance, lo que antes se daba de aumentos a\u00f1o con a\u00f1o, en este a\u00f1o no se dio un solo centavo.<\/p>\n<p>&nbsp;<\/p>\n<p><strong>Pregunta.-<\/strong> \u00bfHubo recorte de personal tambi\u00e9n este a\u00f1o se\u00f1or?<\/p>\n<p>&nbsp;<\/p>\n<p><strong>Fausto Vallejo Figueroa<\/strong>.- S\u00ed, recorte de personal en algunas partes.<\/p>\n<p>&nbsp;<\/p>\n<p><strong>Pregunta.-<\/strong> \u00bfCu\u00e1nto se va a ahorrar?<\/p>\n<p>&nbsp;<\/p>\n<p><strong>Fausto Vallejo Figueroa.-<\/strong> No sabemos pero si debe ser m\u00e1s contundente nuestro gasto.<\/p>\n<p>&nbsp;<\/p>\n<p><strong>Pregunta.-<\/strong> \u00bfCu\u00e1ndo adeuda todav\u00eda a la federaci\u00f3n?<\/p>\n<p>&nbsp;<\/p>\n<p><strong>Fausto Vallejo Figueroa.-<\/strong> Es bastante, yo no quiero hablar de n\u00fameros porque luego se enreda uno.<\/p>\n<p>&nbsp;<\/p>\n<p><strong>Pregunta.- <\/strong>Gobernador \u00bfcu\u00e1l va a ser el reto de este a\u00f1o?<\/p>\n<p>&nbsp;<\/p>\n<p><strong>Fausto Vallejo Figueroa.-<\/strong> El reto de este a\u00f1o; siguen siendo los mismos desde el a\u00f1o pasado.<\/p>\n<p>&nbsp;<\/p>\n<p><strong>Pregunta.-<\/strong> \u00bfCu\u00e1ndo se va a dar a conocer el Plan de Austeridad?<\/p>\n<p>&nbsp;<\/p>\n<p><strong>Fausto Vallejo Figueroa.-<\/strong> El decreto de Austeridad ya m\u00e1s preciso de dar\u00e1 en una o dos semanas.<\/p>\n<p>&nbsp;<\/p>\n<p><strong>Pregunta.-<\/strong> \u00bfVendr\u00e1 el presidente Enrique Pe\u00f1a Nieto a su informe?<\/p>\n<p>&nbsp;<\/p>\n<p><strong>Fausto Vallejo Figueroa.-<\/strong> \u00c9l no va a ning\u00fan informe.<\/p>\n<p>&nbsp;<\/p>\n<p><strong>Pregunta.-<\/strong> Se\u00f1or, sobre el caso Pemex, dar\u00e1 alg\u00fan llamado (inaudible)<\/p>\n<p>&nbsp;<\/p>\n<p><strong>Fausto Vallejo Figueroa.-<\/strong> S\u00ed, es una desgracia en primer lugar con los deudos, ellos no pueden hacer a un lado ninguna hip\u00f3tesis pero deben hablar con seriedad, a diferencia de otras \u00e9pocas donde se daba rienda a la especulaci\u00f3n, muchas veces por presi\u00f3n de los medios, en esta ocasi\u00f3n han resistido el dar hasta que no tengan pruebas. Gracias.<\/p>\n<p>&nbsp;<\/p>\n<p>&nbsp;<\/p>\n<p>&nbsp;<\/p>\n","protected":false},"excerpt":{"rendered":"<p>Pregunta.- La semana pasada se dio un hecho lamentable de unas personas en Tamaulipas, unos empresarios que fueron a hacer negocios y lamentablemente perdieron la vida, un llamado no s\u00e9, \u00bfhay alguna alerta para los michoacanos en viajes de este tipo? &nbsp; Fausto Vallejo Figueroa.- Son cuestiones muy eventuales, obviamente son zonas peligrosas, delicadas, nos [&hellip;]<\/p>\n","protected":false},"author":1,"featured_media":0,"comment_status":"open","ping_status":"open","sticky":false,"template":"","format":"standard","meta":{"footnotes":""},"categories":[3],"tags":[],"class_list":["post-1146","post","type-post","status-publish","format-standard","hentry","category-gobierno-del-estado-de-michoacan"],"_links":{"self":[{"href":"https:\/\/radiowebmx.com\/nota\/wp-json\/wp\/v2\/posts\/1146","targetHints":{"allow":["GET"]}}],"collection":[{"href":"https:\/\/radiowebmx.com\/nota\/wp-json\/wp\/v2\/posts"}],"about":[{"href":"https:\/\/radiowebmx.com\/nota\/wp-json\/wp\/v2\/types\/post"}],"author":[{"embeddable":true,"href":"https:\/\/radiowebmx.com\/nota\/wp-json\/wp\/v2\/users\/1"}],"replies":[{"embeddable":true,"href":"https:\/\/radiowebmx.com\/nota\/wp-json\/wp\/v2\/comments?post=1146"}],"version-history":[{"count":1,"href":"https:\/\/radiowebmx.com\/nota\/wp-json\/wp\/v2\/posts\/1146\/revisions"}],"predecessor-version":[{"id":1147,"href":"https:\/\/radiowebmx.com\/nota\/wp-json\/wp\/v2\/posts\/1146\/revisions\/1147"}],"wp:attachment":[{"href":"https:\/\/radiowebmx.com\/nota\/wp-json\/wp\/v2\/media?parent=1146"}],"wp:term":[{"taxonomy":"category","embeddable":true,"href":"https:\/\/radiowebmx.com\/nota\/wp-json\/wp\/v2\/categories?post=1146"},{"taxonomy":"post_tag","embeddable":true,"href":"https:\/\/radiowebmx.com\/nota\/wp-json\/wp\/v2\/tags?post=1146"}],"curies":[{"name":"wp","href":"https:\/\/api.w.org\/{rel}","templated":true}]}}