{"id":11441,"date":"2014-11-12T14:23:33","date_gmt":"2014-11-12T20:23:33","guid":{"rendered":"https:\/\/radiowebmx.com\/nota\/?p=11441"},"modified":"2014-11-12T14:23:33","modified_gmt":"2014-11-12T20:23:33","slug":"dunia-camacho-y-rocio-santos-logran-2-medallas-mas-para-mexico-en-el-campeonato-mundial-de-natacion","status":"publish","type":"post","link":"https:\/\/radiowebmx.com\/nota\/dunia-camacho-y-rocio-santos-logran-2-medallas-mas-para-mexico-en-el-campeonato-mundial-de-natacion\/","title":{"rendered":"DUNIA CAMACHO Y ROC\u00cdO SANTOS LOGRAN 2 MEDALLAS M\u00c1S PARA M\u00c9XICO EN EL CAMPEONATO MUNDIAL DE NATACI\u00d3N"},"content":{"rendered":"<p>Dunia Camacho Marenco y Roc\u00edo Santos Hern\u00e1ndez, con un oro y un bronce, en nataci\u00f3n y nado sincronizado, respectivamente, incrementaron el n\u00famero de medallas para nuestro pa\u00eds durante la jornada matutina del tercer d\u00eda de actividades del 7\u00ba Campeonato Mundial de Nataci\u00f3n para Personas con S\u00edndrome de Down, el cual se desarrolla en el Complejo Acu\u00e1tico \u201cMedallistas Paral\u00edmpicos\u201d de la Unidad Deportiva Morelos-INDECO.<\/p>\n<p>&nbsp;<\/p>\n<p>El presidente municipal de Morelia, Wilfrido L\u00e1zaro Medina, identific\u00f3 al deporte como una herramienta para generar una mayor inclusi\u00f3n e integraci\u00f3n entre la sociedad de Morelia y que fuese un ejemplo para el mundo entero, por lo cual a trav\u00e9s del Instituto Municipal de Cultura F\u00edsica y Deporte (IMDE) se logr\u00f3 gestionar la realizaci\u00f3n de esta justa hist\u00f3rica para M\u00e9xico.<\/p>\n<p>&nbsp;<\/p>\n<p>La sirena mexiquense Dunia Camacho Marenco, obtuvo la primer medalla para los aztecas en el tercer d\u00eda de actividades de la jornada matutina, al conseguir el oro en la prueba de los mil 500 metros estilo libre, una de las m\u00e1s exigentes en cuanto a desgaste y duraci\u00f3n se refiere, al marcar 25 minutos con 33 segundos y 13 cent\u00e9simas, con lo cual, super\u00f3 su r\u00e9cord personal.<\/p>\n<p>&nbsp;<\/p>\n<p>\u201cMe siento muy contenta, feliz, soy fuerte, soy una perrona y ahora, otra vez, campeona mundial. Estoy muy contenta por mis medallas. A m\u00ed me encanta que venga la gente a vernos, me hace llorar, me da mucho sentimiento, porque yo veo por mi familia, s\u00e9 que todos hacemos un esfuerzo para que esto est\u00e9 pasando y que bueno que gan\u00e9\u201d, destac\u00f3 la campeona.<\/p>\n<p>&nbsp;<\/p>\n<p>Detr\u00e1s de la campeona local quedaron Martina Villanova, de Italia, quien cronometr\u00f3 25 minutos, 36 segundos y 11 cent\u00e9simas y la Sudafricana Jennifer Higgins, quien era favorita para la competencia por ser la poseedora del r\u00e9cord mundial y se qued\u00f3 con el bronce, con tiempo de 25\u201959\u2019\u201938.<\/p>\n<p>&nbsp;<\/p>\n<p>Con esto, Dunia Camacho, agrega una medalla m\u00e1s a su cuenta personal, para un total de cuatro, de las cuales dos son metales dorados, uno de plata y otro de bronce, con lo cual confirma ser una de las cartas fuertes de la delegaci\u00f3n mexicana para este mundial.<\/p>\n","protected":false},"excerpt":{"rendered":"<p>Dunia Camacho Marenco y Roc\u00edo Santos Hern\u00e1ndez, con un oro y un bronce, en nataci\u00f3n y nado sincronizado, respectivamente, incrementaron el n\u00famero de medallas para nuestro pa\u00eds durante la jornada matutina del tercer d\u00eda de actividades <\/p>\n","protected":false},"author":1,"featured_media":11442,"comment_status":"open","ping_status":"open","sticky":false,"template":"","format":"standard","meta":{"footnotes":""},"categories":[14,9],"tags":[],"class_list":["post-11441","post","type-post","status-publish","format-standard","has-post-thumbnail","hentry","category-destacadas","category-morelia"],"_links":{"self":[{"href":"https:\/\/radiowebmx.com\/nota\/wp-json\/wp\/v2\/posts\/11441","targetHints":{"allow":["GET"]}}],"collection":[{"href":"https:\/\/radiowebmx.com\/nota\/wp-json\/wp\/v2\/posts"}],"about":[{"href":"https:\/\/radiowebmx.com\/nota\/wp-json\/wp\/v2\/types\/post"}],"author":[{"embeddable":true,"href":"https:\/\/radiowebmx.com\/nota\/wp-json\/wp\/v2\/users\/1"}],"replies":[{"embeddable":true,"href":"https:\/\/radiowebmx.com\/nota\/wp-json\/wp\/v2\/comments?post=11441"}],"version-history":[{"count":1,"href":"https:\/\/radiowebmx.com\/nota\/wp-json\/wp\/v2\/posts\/11441\/revisions"}],"predecessor-version":[{"id":11443,"href":"https:\/\/radiowebmx.com\/nota\/wp-json\/wp\/v2\/posts\/11441\/revisions\/11443"}],"wp:featuredmedia":[{"embeddable":true,"href":"https:\/\/radiowebmx.com\/nota\/wp-json\/wp\/v2\/media\/11442"}],"wp:attachment":[{"href":"https:\/\/radiowebmx.com\/nota\/wp-json\/wp\/v2\/media?parent=11441"}],"wp:term":[{"taxonomy":"category","embeddable":true,"href":"https:\/\/radiowebmx.com\/nota\/wp-json\/wp\/v2\/categories?post=11441"},{"taxonomy":"post_tag","embeddable":true,"href":"https:\/\/radiowebmx.com\/nota\/wp-json\/wp\/v2\/tags?post=11441"}],"curies":[{"name":"wp","href":"https:\/\/api.w.org\/{rel}","templated":true}]}}