{"id":11438,"date":"2014-11-12T14:20:05","date_gmt":"2014-11-12T20:20:05","guid":{"rendered":"https:\/\/radiowebmx.com\/nota\/?p=11438"},"modified":"2014-11-12T14:20:05","modified_gmt":"2014-11-12T20:20:05","slug":"morelia-el-epicentro-del-deporte-en-mexico-alberto-juantorena","status":"publish","type":"post","link":"https:\/\/radiowebmx.com\/nota\/morelia-el-epicentro-del-deporte-en-mexico-alberto-juantorena\/","title":{"rendered":"MORELIA, EL EPICENTRO DEL DEPORTE EN M\u00c9XICO: ALBERTO JUANTORENA"},"content":{"rendered":"<p>El doble medallista ol\u00edmpico en los Juegos de Montreal de 1976 y Presidente del Comit\u00e9 Paral\u00edmpico de Cuba, Alberto Juantorena Dayner, reconoci\u00f3 las acciones emprendidas por el Ayuntamiento de Morelia en materia deportiva, en espec\u00edfico, lo realizado en el Complejo Acu\u00e1tico \u201cMedallistas Paral\u00edmpicos\u201d de la Unidad Deportiva Morelos-INDECO, en donde se desarrolla el 7\u00ba Campeonato Mundial de Nataci\u00f3n para Personas con S\u00edndrome de Down. El reconocido deportista calific\u00f3 a Morelia como \u201cel epicentro del deporte en M\u00e9xico\u201d, as\u00ed como a Wilfrido L\u00e1zaro y Miguel \u00c1ngel Garc\u00eda como \u201cun atinado binomio para alcanzar estos niveles\u201d.<\/p>\n<p>&nbsp;<\/p>\n<p>El gobierno del presidente municipal Wilfrido L\u00e1zaro Medina se ha caracterizado por la intensa gesti\u00f3n realizada para hacer de Morelia un sitio \u00fanico para la pr\u00e1ctica del deporte en todas sus variantes, raz\u00f3n por la cual, se ha hecho ya una costumbre para la ciudad de la cantera rosa ser sede de eventos de car\u00e1cter nacional, internacional y mundial, en el deporte paral\u00edmpico y disciplinas como el atletismo, el f\u00edsico constructivismo y m\u00e1s recientemente, en la nataci\u00f3n.<\/p>\n<p>&nbsp;<\/p>\n<p>Alberto Juantorena, originario de la isla de Cuba, gan\u00f3 dos medallas de oro en las citadas olimpiadas, en las distancias de 400 y 800 metros planos, haza\u00f1a que hasta la fecha ning\u00fan otro atleta ha logrado. Actualmente, funge como Presidente del Comit\u00e9 Paral\u00edmpico de Cuba. Su entrenamiento de preparaci\u00f3n para esos logros, lo sostuvo precisamente en suelo mexicano, por lo cual dijo, le tiene un cari\u00f1o muy especial a M\u00e9xico, \u201csomos dos pueblos hermanos\u201d, asegur\u00f3 Juantorena.<\/p>\n<p>&nbsp;<\/p>\n<p>\u201cEl esfuerzo que se est\u00e1 haciendo a nivel social, para mover a Morelia en el deporte, en toda la comunidad y como veh\u00edculo para una mejor salud, han sido realmente notables, si todos las ciudades trabajaran de esta manera, M\u00e9xico ser\u00eda un mejor pa\u00eds\u201d, declar\u00f3 el invitado de honor.<\/p>\n<p>&nbsp;<\/p>\n<p>El caribe\u00f1o manifest\u00f3 con seguridad que, como en el caso de Morelia y su presidente Wilfrido L\u00e1zaro, con el Instituto Municipal de Cultura F\u00edsica y Deporte (IMDE) y su director general Miguel \u00c1ngel Garc\u00eda Meza, cuando los l\u00edderes se involucran de una manera tan directa, la gente se compromete con la causa y se tienen resultados \u00f3ptimos.<\/p>\n<p>&nbsp;<\/p>\n<p>\u201cMorelia es la capital del deporte, se puede apreciar lo mucho que se ha trabajado en ese sentido, cada vez que tengo la oportunidad de venir a visitarlos, me encuentro con mejoras por toda la ciudad, cada vez con m\u00e1s gente haciendo alg\u00fan tipo de actividad f\u00edsica\u201d, puntualiz\u00f3.<\/p>\n<p>&nbsp;<\/p>\n<p>Respecto al magno evento de talla mundial, el cual se realiza en el Complejo Acu\u00e1tico, mostr\u00f3 su sentir al ver a estos deportistas en competencia, puesto que es el primero de esta \u00edndole que presencia: \u201cSinceramente ver a los muchachos c\u00f3mo se comportan, lo hacen a uno un mejor ser humano, verlos a ellos cuando ganan, tan felices cuando ense\u00f1an su bandera, con sus gestos cargados de alegr\u00eda y de emoci\u00f3n, es algo \u00fanico. Es la primera vez que participo en este tipo de discapacidad y ha sido realmente toda una lecci\u00f3n de humanismo, de solidaridad, de lealtad y de respeto\u201d, asegur\u00f3.<\/p>\n<p>&nbsp;<\/p>\n<p>El tambi\u00e9n presidente de la Federaci\u00f3n Cubana de Atletismo adelant\u00f3 que para el pr\u00f3ximo a\u00f1o se tratar\u00e1 de traer al equipo de relevos de 4 por 400 metros de su pa\u00eds a entrenar en la pista de atletismo del Complejo Deportivo Bicentenario de Morelia, pues as\u00ed los deportistas tendr\u00edan una preparaci\u00f3n m\u00e1s completa con miras a los Juegos Panamericanos.<\/p>\n<p>&nbsp;<\/p>\n<p>Finalmente, se\u00f1al\u00f3 que en Morelia se percibe el trabajo de un gobierno local comprometido con su pueblo \u201cen posici\u00f3n horizontal y de abajo hacia arriba, que trabaja en intenciones deportivas para generar una comunidad m\u00e1s sana, y es claro que lo est\u00e1 logrando\u201d.<\/p>\n","protected":false},"excerpt":{"rendered":"<p>El doble medallista ol\u00edmpico en los Juegos de Montreal de 1976 y Presidente del Comit\u00e9 Paral\u00edmpico de Cuba, Alberto Juantorena Dayner, reconoci\u00f3 las acciones emprendidas por el Ayuntamiento de Morelia en materia deportiva, en espec\u00edfico, lo realizado en el Complejo Acu\u00e1tico \u201cMedallistas Paral\u00edmpicos\u201d<\/p>\n","protected":false},"author":1,"featured_media":11439,"comment_status":"open","ping_status":"open","sticky":false,"template":"","format":"standard","meta":{"footnotes":""},"categories":[14,9],"tags":[],"class_list":["post-11438","post","type-post","status-publish","format-standard","has-post-thumbnail","hentry","category-destacadas","category-morelia"],"_links":{"self":[{"href":"https:\/\/radiowebmx.com\/nota\/wp-json\/wp\/v2\/posts\/11438","targetHints":{"allow":["GET"]}}],"collection":[{"href":"https:\/\/radiowebmx.com\/nota\/wp-json\/wp\/v2\/posts"}],"about":[{"href":"https:\/\/radiowebmx.com\/nota\/wp-json\/wp\/v2\/types\/post"}],"author":[{"embeddable":true,"href":"https:\/\/radiowebmx.com\/nota\/wp-json\/wp\/v2\/users\/1"}],"replies":[{"embeddable":true,"href":"https:\/\/radiowebmx.com\/nota\/wp-json\/wp\/v2\/comments?post=11438"}],"version-history":[{"count":1,"href":"https:\/\/radiowebmx.com\/nota\/wp-json\/wp\/v2\/posts\/11438\/revisions"}],"predecessor-version":[{"id":11440,"href":"https:\/\/radiowebmx.com\/nota\/wp-json\/wp\/v2\/posts\/11438\/revisions\/11440"}],"wp:featuredmedia":[{"embeddable":true,"href":"https:\/\/radiowebmx.com\/nota\/wp-json\/wp\/v2\/media\/11439"}],"wp:attachment":[{"href":"https:\/\/radiowebmx.com\/nota\/wp-json\/wp\/v2\/media?parent=11438"}],"wp:term":[{"taxonomy":"category","embeddable":true,"href":"https:\/\/radiowebmx.com\/nota\/wp-json\/wp\/v2\/categories?post=11438"},{"taxonomy":"post_tag","embeddable":true,"href":"https:\/\/radiowebmx.com\/nota\/wp-json\/wp\/v2\/tags?post=11438"}],"curies":[{"name":"wp","href":"https:\/\/api.w.org\/{rel}","templated":true}]}}