{"id":11435,"date":"2014-11-12T14:16:22","date_gmt":"2014-11-12T20:16:22","guid":{"rendered":"https:\/\/radiowebmx.com\/nota\/?p=11435"},"modified":"2014-11-12T14:16:22","modified_gmt":"2014-11-12T20:16:22","slug":"alberga-ayuntamiento-de-morelia-reunion-intersecretarial-de-evaluacion-de-la-cruzada-contra-el-hambre","status":"publish","type":"post","link":"https:\/\/radiowebmx.com\/nota\/alberga-ayuntamiento-de-morelia-reunion-intersecretarial-de-evaluacion-de-la-cruzada-contra-el-hambre\/","title":{"rendered":"ALBERGA AYUNTAMIENTO DE MORELIA REUNI\u00d3N INTERSECRETARIAL DE  EVALUACI\u00d3N DE LA CRUZADA CONTRA EL HAMBRE"},"content":{"rendered":"<p>Esta tarde, el Ayuntamiento de Morelia alberg\u00f3 la Reuni\u00f3n de Evaluaci\u00f3n Intersecretarial para evaluar la Cruzada contra el Hambre, en la cual participaron 33 representaciones de la Federaci\u00f3n, varias dependencias del gobierno del estado y la Secretar\u00eda de Obras P\u00fablicas, el Instituto Municipal de la Vivienda, la Secretar\u00eda de Desarrollo Social, el DIF y el Comit\u00e9 de Planeaci\u00f3n para el Desarrollo Municipal, por parte del municipio.<\/p>\n<p>Adem\u00e1s, en el marco de esta reuni\u00f3n, el presidente municipal de Morelia, Wilfrido L\u00e1zaro Medina, recibi\u00f3 550 mil pesos como parte del Programa de Empleo Temporal, que corresponden a la segunda ministraci\u00f3n destinada a la rehabilitaci\u00f3n de Unidades M\u00e9dicas del Municipio. Este recurso fue entregado por el delegado de la SEDESOL en Michoac\u00e1n, V\u00edctor Silva Tejeda, quien tambi\u00e9n es coordinador de la Cruzada contra el Hambre en la entidad.<\/p>\n<p>\u201cEn t\u00e9rminos generales se hizo una evaluaci\u00f3n delegaci\u00f3n por delegaci\u00f3n, dependencia por dependencia y cada quien comparti\u00f3 el estado de avance que guarda en relaci\u00f3n a las obras y acciones que tienen que ver con este tema. Algunos ya est\u00e1n al 70 por ciento, mientras que otros ya han logrado bajar el 100 por ciento de los recursos y aplicar todas las acciones correspondientes\u201d, afirm\u00f3 el Secretario de Desarrollo Social de Morelia, Carlos Hern\u00e1ndez L\u00f3pez.<\/p>\n<p>Hern\u00e1ndez L\u00f3pez detall\u00f3 que estas reuniones se han realizado de manera permanente para evaluar los avances y resultados de cada una de las delegaciones y adem\u00e1s se da la oportunidad de que se brinde alg\u00fan tipo de apoyo a quienes lo requieran, ya que est\u00e1n presentes varias de las \u00e1reas que se interrelacionan para atender a la poblaci\u00f3n.<\/p>\n<p>El funcionario municipal refiri\u00f3 que muchos de los programas que forman parte de la Cruzada contra el Hambre ay se est\u00e1n aterrizando de manera exitosa en Morelia, como por ejemplo \u201cPiso, Techo y Muro\u201d, \u201cAlimentaci\u00f3n para Adultos Mayores\u201d, \u201cEmpleo Temporal\u201d y \u201cComedores Comunitarios\u201d, entre otros.<\/p>\n<p>\u201cEl tema alimentario es por supuesto la prioridad n\u00famero uno de esta Cruzada contra el Hambre y aqu\u00ed en Morelia hemos avanzado satisfactoriamente\u201d, finaliz\u00f3 el Secretario de Desarrollo Social.<\/p>\n","protected":false},"excerpt":{"rendered":"<p>Esta tarde, el Ayuntamiento de Morelia alberg\u00f3 la Reuni\u00f3n de Evaluaci\u00f3n Intersecretarial para evaluar la Cruzada contra el Hambre, en la cual participaron 33 representaciones de la Federaci\u00f3n, varias dependencias del gobierno del estado y la Secretar\u00eda de Obras P\u00fablicas, <\/p>\n","protected":false},"author":1,"featured_media":11436,"comment_status":"open","ping_status":"open","sticky":false,"template":"","format":"standard","meta":{"footnotes":""},"categories":[14,9],"tags":[],"class_list":["post-11435","post","type-post","status-publish","format-standard","has-post-thumbnail","hentry","category-destacadas","category-morelia"],"_links":{"self":[{"href":"https:\/\/radiowebmx.com\/nota\/wp-json\/wp\/v2\/posts\/11435","targetHints":{"allow":["GET"]}}],"collection":[{"href":"https:\/\/radiowebmx.com\/nota\/wp-json\/wp\/v2\/posts"}],"about":[{"href":"https:\/\/radiowebmx.com\/nota\/wp-json\/wp\/v2\/types\/post"}],"author":[{"embeddable":true,"href":"https:\/\/radiowebmx.com\/nota\/wp-json\/wp\/v2\/users\/1"}],"replies":[{"embeddable":true,"href":"https:\/\/radiowebmx.com\/nota\/wp-json\/wp\/v2\/comments?post=11435"}],"version-history":[{"count":1,"href":"https:\/\/radiowebmx.com\/nota\/wp-json\/wp\/v2\/posts\/11435\/revisions"}],"predecessor-version":[{"id":11437,"href":"https:\/\/radiowebmx.com\/nota\/wp-json\/wp\/v2\/posts\/11435\/revisions\/11437"}],"wp:featuredmedia":[{"embeddable":true,"href":"https:\/\/radiowebmx.com\/nota\/wp-json\/wp\/v2\/media\/11436"}],"wp:attachment":[{"href":"https:\/\/radiowebmx.com\/nota\/wp-json\/wp\/v2\/media?parent=11435"}],"wp:term":[{"taxonomy":"category","embeddable":true,"href":"https:\/\/radiowebmx.com\/nota\/wp-json\/wp\/v2\/categories?post=11435"},{"taxonomy":"post_tag","embeddable":true,"href":"https:\/\/radiowebmx.com\/nota\/wp-json\/wp\/v2\/tags?post=11435"}],"curies":[{"name":"wp","href":"https:\/\/api.w.org\/{rel}","templated":true}]}}