{"id":11432,"date":"2014-11-12T14:13:07","date_gmt":"2014-11-12T20:13:07","guid":{"rendered":"https:\/\/radiowebmx.com\/nota\/?p=11432"},"modified":"2014-11-12T14:13:07","modified_gmt":"2014-11-12T20:13:07","slug":"expo-feria-zinapecuaro-2014","status":"publish","type":"post","link":"https:\/\/radiowebmx.com\/nota\/expo-feria-zinapecuaro-2014\/","title":{"rendered":"EXPO FERIA ZINAP\u00c9CUARO 2014"},"content":{"rendered":"<p>Con m\u00e1s de 70 a\u00f1os de tradici\u00f3n, del 16 al 23 de noviembre se llevar\u00e1 a cabo la Expo Feria Zinap\u00e9cuaro 2014, en el municipio de Zinap\u00e9cuaro.<\/p>\n<p>&nbsp;<\/p>\n<p>Dagoberto Mej\u00eda Vald\u00e9s, presidente municipal de Zinap\u00e9cuaro, en compa\u00f1\u00eda del director de la Comisi\u00f3n de Ferias, Exposiciones y Eventos del Estado de Michoac\u00e1n (Cofeeem) Zeus Rodr\u00edguez Miranda, mencion\u00f3 que en sus inicios, esta feria se realizaba en las calles y ahora se ha convertido en la m\u00e1s importante del municipio, por lo que este a\u00f1o se ofrece una cartelera musical muy atractiva con grupos como La Adictiva Banda San Jos\u00e9 de Mesillas, La Sonora Dinamita, Los Acosta, Conjunto Primavera, Grupo Bryndis, entre otros.<\/p>\n<p>&nbsp;<\/p>\n<p>Destac\u00f3 que se pretende superar las expectativas de los visitantes, ya que ser\u00e1 una feria artesanal, cultural, gastron\u00f3mica y comercial, es decir, un espacio de expresi\u00f3n donde la poblaci\u00f3n de Zinap\u00e9cuaro pueda exponer la variedad de los productos locales; \u201ceste a\u00f1o estar\u00e1n presentes los fruticultores, artesanos y panaderos de la regi\u00f3n\u201d, detall\u00f3.<\/p>\n<p>&nbsp;<\/p>\n<p>Por su parte, Fernando Reyes Mendoza, regidor de Turismo de Zinap\u00e9cuaro, hizo la cordial invitaci\u00f3n a visitar el municipio, pues tiene grandes atractivos tur\u00edsticos como balnearios de aguas termales, su tradicional fiesta del Se\u00f1or de Arar\u00f3; y este a\u00f1o contar\u00e1 con la participaci\u00f3n de los ballets folcl\u00f3ricos Coyucan, el de Maravat\u00edo, Oll\u00edn Telpochcayotl y el grupo de baile Candela de Zinap\u00e9cuaro.<\/p>\n<p>&nbsp;<\/p>\n","protected":false},"excerpt":{"rendered":"<p>Con m\u00e1s de 70 a\u00f1os de tradici\u00f3n, del 16 al 23 de noviembre se llevar\u00e1 a cabo la Expo Feria Zinap\u00e9cuaro 2014, en el municipio de Zinap\u00e9cuaro.<\/p>\n","protected":false},"author":1,"featured_media":11433,"comment_status":"open","ping_status":"open","sticky":false,"template":"","format":"standard","meta":{"footnotes":""},"categories":[14,3],"tags":[],"class_list":["post-11432","post","type-post","status-publish","format-standard","has-post-thumbnail","hentry","category-destacadas","category-gobierno-del-estado-de-michoacan"],"_links":{"self":[{"href":"https:\/\/radiowebmx.com\/nota\/wp-json\/wp\/v2\/posts\/11432","targetHints":{"allow":["GET"]}}],"collection":[{"href":"https:\/\/radiowebmx.com\/nota\/wp-json\/wp\/v2\/posts"}],"about":[{"href":"https:\/\/radiowebmx.com\/nota\/wp-json\/wp\/v2\/types\/post"}],"author":[{"embeddable":true,"href":"https:\/\/radiowebmx.com\/nota\/wp-json\/wp\/v2\/users\/1"}],"replies":[{"embeddable":true,"href":"https:\/\/radiowebmx.com\/nota\/wp-json\/wp\/v2\/comments?post=11432"}],"version-history":[{"count":1,"href":"https:\/\/radiowebmx.com\/nota\/wp-json\/wp\/v2\/posts\/11432\/revisions"}],"predecessor-version":[{"id":11434,"href":"https:\/\/radiowebmx.com\/nota\/wp-json\/wp\/v2\/posts\/11432\/revisions\/11434"}],"wp:featuredmedia":[{"embeddable":true,"href":"https:\/\/radiowebmx.com\/nota\/wp-json\/wp\/v2\/media\/11433"}],"wp:attachment":[{"href":"https:\/\/radiowebmx.com\/nota\/wp-json\/wp\/v2\/media?parent=11432"}],"wp:term":[{"taxonomy":"category","embeddable":true,"href":"https:\/\/radiowebmx.com\/nota\/wp-json\/wp\/v2\/categories?post=11432"},{"taxonomy":"post_tag","embeddable":true,"href":"https:\/\/radiowebmx.com\/nota\/wp-json\/wp\/v2\/tags?post=11432"}],"curies":[{"name":"wp","href":"https:\/\/api.w.org\/{rel}","templated":true}]}}