{"id":11429,"date":"2014-11-12T14:11:16","date_gmt":"2014-11-12T20:11:16","guid":{"rendered":"https:\/\/radiowebmx.com\/nota\/?p=11429"},"modified":"2014-11-12T14:11:16","modified_gmt":"2014-11-12T20:11:16","slug":"anuncian-detalles-del-13-festival-del-chongo-zamorano-2014","status":"publish","type":"post","link":"https:\/\/radiowebmx.com\/nota\/anuncian-detalles-del-13-festival-del-chongo-zamorano-2014\/","title":{"rendered":"ANUNCIAN DETALLES DEL 13\u00b0 FESTIVAL DEL CHONGO ZAMORANO 2014"},"content":{"rendered":"<p>Con la firme convicci\u00f3n de promover al municipio de Zamora como un centro tur\u00edstico de calidad a nivel nacional para contribuir a la reactivaci\u00f3n econ\u00f3mica regional, del 14 al 16 de noviembre se llevar\u00e1 a cabo la D\u00e9cimo Tercera Edici\u00f3n del Festival del Chongo Zamorano; dieron a conocer Zeus Rodr\u00edguez Miranda, director general de la Comisi\u00f3n de Ferias, Exposiciones y Eventos del Estado de Michoac\u00e1n (COFEEEM) as\u00ed como autoridades municipales, en conferencia de prensa.<\/p>\n<p>&nbsp;<\/p>\n<p>Rosa Hilda Abascal Rodr\u00edguez, presidenta municipal de Zamora, mencion\u00f3 que este a\u00f1o se esperan m\u00e1s de 30 mil visitantes y obtener una derrama econ\u00f3mica aproximada de 3 millones de pesos; inform\u00f3 que el evento tendr\u00e1 como sede la plaza principal y contar\u00e1 con cinco pabellones en los cuales se podr\u00e1 interactuar en familia, adem\u00e1s disfrutar de las presentaciones, actividades culturales y art\u00edsticas, as\u00ed como talleres.<\/p>\n<p>&nbsp;<\/p>\n<p>El director de Fomento Tur\u00edstico de Zamora, Jorge Armando Su Su, coment\u00f3 que se podr\u00e1 disfrutar de las exhibiciones y actividades de cada una de las \u00e1reas que contemplan el festival, que ser\u00e1n: pabell\u00f3n cultural, pabell\u00f3n tur\u00edstico, pabell\u00f3n gastron\u00f3mico, y por su puesto el pabell\u00f3n del dulce.<\/p>\n<p>&nbsp;<\/p>\n<p>Se\u00f1al\u00f3 adem\u00e1s que habr\u00e1 venta y exposici\u00f3n de los mundialmente conocidos chongos zamoranos, as\u00ed como de la gran variedad de dulces tradicionales; detall\u00f3 que se realizar\u00e1 la tradicional \u201cChongada\u201d de 300 metros para degustaci\u00f3n de todos los asistentes.<\/p>\n<p>&nbsp;<\/p>\n<p>Contar\u00e1 tambi\u00e9n con exhibici\u00f3n y venta de distintas ramas artesanales de 93 productores y art\u00edfices de la regi\u00f3n, as\u00ed como del interior del estado; adem\u00e1s de un escenario en el cual se llevar\u00e1n a cabo presentaciones art\u00edsticas y culturales, fomentando as\u00ed los nuevos talentos.<\/p>\n","protected":false},"excerpt":{"rendered":"<p>Con la firme convicci\u00f3n de promover al municipio de Zamora como un centro tur\u00edstico de calidad a nivel nacional para contribuir a la reactivaci\u00f3n econ\u00f3mica regional, del 14 al 16 de noviembre se llevar\u00e1 a cabo la D\u00e9cimo Tercera Edici\u00f3n del Festival del Chongo Zamorano; <\/p>\n","protected":false},"author":1,"featured_media":11430,"comment_status":"open","ping_status":"open","sticky":false,"template":"","format":"standard","meta":{"footnotes":""},"categories":[14,3],"tags":[],"class_list":["post-11429","post","type-post","status-publish","format-standard","has-post-thumbnail","hentry","category-destacadas","category-gobierno-del-estado-de-michoacan"],"_links":{"self":[{"href":"https:\/\/radiowebmx.com\/nota\/wp-json\/wp\/v2\/posts\/11429","targetHints":{"allow":["GET"]}}],"collection":[{"href":"https:\/\/radiowebmx.com\/nota\/wp-json\/wp\/v2\/posts"}],"about":[{"href":"https:\/\/radiowebmx.com\/nota\/wp-json\/wp\/v2\/types\/post"}],"author":[{"embeddable":true,"href":"https:\/\/radiowebmx.com\/nota\/wp-json\/wp\/v2\/users\/1"}],"replies":[{"embeddable":true,"href":"https:\/\/radiowebmx.com\/nota\/wp-json\/wp\/v2\/comments?post=11429"}],"version-history":[{"count":1,"href":"https:\/\/radiowebmx.com\/nota\/wp-json\/wp\/v2\/posts\/11429\/revisions"}],"predecessor-version":[{"id":11431,"href":"https:\/\/radiowebmx.com\/nota\/wp-json\/wp\/v2\/posts\/11429\/revisions\/11431"}],"wp:featuredmedia":[{"embeddable":true,"href":"https:\/\/radiowebmx.com\/nota\/wp-json\/wp\/v2\/media\/11430"}],"wp:attachment":[{"href":"https:\/\/radiowebmx.com\/nota\/wp-json\/wp\/v2\/media?parent=11429"}],"wp:term":[{"taxonomy":"category","embeddable":true,"href":"https:\/\/radiowebmx.com\/nota\/wp-json\/wp\/v2\/categories?post=11429"},{"taxonomy":"post_tag","embeddable":true,"href":"https:\/\/radiowebmx.com\/nota\/wp-json\/wp\/v2\/tags?post=11429"}],"curies":[{"name":"wp","href":"https:\/\/api.w.org\/{rel}","templated":true}]}}