{"id":11426,"date":"2014-11-12T14:05:21","date_gmt":"2014-11-12T20:05:21","guid":{"rendered":"https:\/\/radiowebmx.com\/nota\/?p=11426"},"modified":"2014-11-12T14:05:21","modified_gmt":"2014-11-12T20:05:21","slug":"mensaje-del-secretario-de-gobierno-de-michoacan-jaime-dario-oseguera-mendez","status":"publish","type":"post","link":"https:\/\/radiowebmx.com\/nota\/mensaje-del-secretario-de-gobierno-de-michoacan-jaime-dario-oseguera-mendez\/","title":{"rendered":"MENSAJE DEL SECRETARIO DE GOBIERNO DE MICHOAC\u00c1N  JAIME DAR\u00cdO OSEGUERA M\u00c9NDEZ"},"content":{"rendered":"<p>A la opini\u00f3n p\u00fablica.<\/p>\n<p>Buena tarde:<\/p>\n<p>Ante los acontecimientos de este d\u00eda en la ciudad de Morelia, el Gobierno del Estado de Michoac\u00e1n ha hablado con las diferentes fuerzas pol\u00edticas del estado y concluido con la mayor\u00eda de ellos en que podemos compartir el siguiente pronunciamiento:<\/p>\n<p>Los michoacanos queremos tranquilidad y desarrollo. La seguridad constituye una garant\u00eda de bienestar social que permite consolidar\u00a0la estabilidad.<\/p>\n<p>La seguridad que demanda la ciudadan\u00eda nos involucra a todos por igual, para ello debemos consolidar una cultura de la legalidad,\u00a0con respeto absoluto a los derechos humanos, pero sobre todo, que rija el comportamiento de\u00a0todos los ciudadanos.<\/p>\n<p>La justicia no llega a trav\u00e9s de la violencia, lo reiteramos.<\/p>\n<p>La aspiraci\u00f3n m\u00e1s elevada de la naci\u00f3n es\u00a0conseguir\u00a0un pa\u00eds pr\u00f3spero, estable y en calma. Un pa\u00eds en el que existan las condiciones para que todos\u00a0los\u00a0mexicanos puedan\u00a0tener una vida libre.<\/p>\n<p>Estos hechos de violencia s\u00f3lo sirven a los intereses de los peores enemigos de Michoac\u00e1n y del pa\u00eds, a quienes nos quieren ver divididos, a quienes no les conviene un Michoac\u00e1n fuerte.<\/p>\n<p>Hoy se requiere mantener la confianza en las instituciones para garantizar el desarrollo de la sociedad y el bienestar de todos.<\/p>\n<p>Se ha instruido al procurador de Justicia y a las \u00e1reas de Seguridad, a que est\u00e9n dispuestos a recibir, den seguimiento y presenten de inmediato resultados de las denuncias que se han presentado.<\/p>\n<p>Contar con\u00a0instituciones\u00a0s\u00f3lidas\u00a0no es defender al gobierno, es defender las garant\u00edas de todos los ciudadanos.<\/p>\n<p>Estamos convencidos que demandar seguridad y justicia no da derecho a nadie a destruir lo que es de todos.<\/p>\n<p>Hay quienes ven en la violencia la chispa que encender\u00e1 la \u00a0llama de la libertad. Nada m\u00e1s equivocado, el fuego de la violencia no purifica ni regenera, lacera y destruye toda posibilidad de futuro.<\/p>\n<p>La sociedad est\u00e1 cansada de los violentos, de los intolerantes, de quienes manipulan la bandera de la libertad y de la justicia en aras de la barbarie.<\/p>\n<p>Hacemos un llamado a la cordura, a la civilidad y a la congruencia a quienes simpatizan con la causa de los 43 compa\u00f1eros normalistas desaparecidos. No es a trav\u00e9s de la confrontaci\u00f3n como resolveremos los problemas.<\/p>\n<p>Los michoacanos\u00a0no queremos\u00a0m\u00e1s\u00a0violencia\u00a0ni\u00a0enfrentamientos. Ciertamente,\u00a0la represi\u00f3n no resuelve nada. La represi\u00f3n\u00a0contra las manifestaciones pac\u00edficas,\u00a0es una se\u00f1al de debilidad.<\/p>\n<p>Hoy m\u00e1s que nunca es imperiosa la prudencia, el di\u00e1logo y la unidad.<\/p>\n<p>Por su atenci\u00f3n, muchas gracias.<\/p>\n<p>&nbsp;<\/p>\n","protected":false},"excerpt":{"rendered":"<p>Ante los acontecimientos de este d\u00eda en la ciudad de Morelia, el Gobierno del Estado de Michoac\u00e1n ha hablado con las diferentes fuerzas pol\u00edticas del estado y concluido con la mayor\u00eda de ellos en que podemos compartir el siguiente pronunciamiento:<\/p>\n","protected":false},"author":1,"featured_media":0,"comment_status":"open","ping_status":"open","sticky":false,"template":"","format":"standard","meta":{"footnotes":""},"categories":[3],"tags":[],"class_list":["post-11426","post","type-post","status-publish","format-standard","hentry","category-gobierno-del-estado-de-michoacan"],"_links":{"self":[{"href":"https:\/\/radiowebmx.com\/nota\/wp-json\/wp\/v2\/posts\/11426","targetHints":{"allow":["GET"]}}],"collection":[{"href":"https:\/\/radiowebmx.com\/nota\/wp-json\/wp\/v2\/posts"}],"about":[{"href":"https:\/\/radiowebmx.com\/nota\/wp-json\/wp\/v2\/types\/post"}],"author":[{"embeddable":true,"href":"https:\/\/radiowebmx.com\/nota\/wp-json\/wp\/v2\/users\/1"}],"replies":[{"embeddable":true,"href":"https:\/\/radiowebmx.com\/nota\/wp-json\/wp\/v2\/comments?post=11426"}],"version-history":[{"count":2,"href":"https:\/\/radiowebmx.com\/nota\/wp-json\/wp\/v2\/posts\/11426\/revisions"}],"predecessor-version":[{"id":11428,"href":"https:\/\/radiowebmx.com\/nota\/wp-json\/wp\/v2\/posts\/11426\/revisions\/11428"}],"wp:attachment":[{"href":"https:\/\/radiowebmx.com\/nota\/wp-json\/wp\/v2\/media?parent=11426"}],"wp:term":[{"taxonomy":"category","embeddable":true,"href":"https:\/\/radiowebmx.com\/nota\/wp-json\/wp\/v2\/categories?post=11426"},{"taxonomy":"post_tag","embeddable":true,"href":"https:\/\/radiowebmx.com\/nota\/wp-json\/wp\/v2\/tags?post=11426"}],"curies":[{"name":"wp","href":"https:\/\/api.w.org\/{rel}","templated":true}]}}