{"id":11410,"date":"2014-11-12T13:11:47","date_gmt":"2014-11-12T19:11:47","guid":{"rendered":"https:\/\/radiowebmx.com\/nota\/?p=11410"},"modified":"2014-11-12T13:11:47","modified_gmt":"2014-11-12T19:11:47","slug":"temas-de-cafe-216","status":"publish","type":"post","link":"https:\/\/radiowebmx.com\/nota\/temas-de-cafe-216\/","title":{"rendered":"TEMAS DE CAF\u00c9"},"content":{"rendered":"<ul>\n<li><a href=\"https:\/\/radiowebmx.com\/nota\/wp-content\/uploads\/2013\/06\/temas-de-cafe.jpg\"><img loading=\"lazy\" decoding=\"async\" class=\"alignleft size-full wp-image-2805\" alt=\"temas de cafe\" src=\"https:\/\/radiowebmx.com\/nota\/wp-content\/uploads\/2013\/06\/temas-de-cafe.jpg\" width=\"295\" height=\"171\" \/><\/a>MURIO SERVANDO CHAVEZ<\/li>\n<li>LAS MALETAS SE VAN A SLP<\/li>\n<li>ASPIRANTES DEL TRICOLOR<\/li>\n<li>NORMALISTAS INTOCABLES<\/li>\n<\/ul>\n<p>Ayer por la madrugada muri\u00f3 el ex gobernador de Michoac\u00e1n, Jos\u00e9 Servando Ch\u00e1vez Hern\u00e1ndez, quien durante su vida desarroll\u00f3 una intensa actividad pol\u00edtica y administrativa, Jos\u00e9 Servando naci\u00f3 en una familia humilde de San Lucas, all\u00e1 casi en los linderos de Michoac\u00e1n con Guerrero, junto con sus hermano, entre los cuales tambi\u00e9n destac\u00f3 Ausencio Ch\u00e1vez Hern\u00e1ndez, fue enviado con grandes esfuerzos a estudiar a Zit\u00e1cuaro, donde posteriormente tuvieron oportunidad de ir a la capital del pa\u00eds a estudiar, Jos\u00e9 Servando Ciencias pol\u00edticas en la UNAM y Ausencio Econom\u00eda tambi\u00e9n en la UNAM.<\/p>\n<p>GOBERNO MICHOACAN POR CUATRO A\u00d1OS<\/p>\n<p>El conocido locutor Ignacio L\u00f3pez Santib\u00e1\u00f1ez, fue uno de sus benefactores, los ayud\u00f3 a estudiar en la ciudad de M\u00e9xico, pronto la inteligencia de los Ch\u00e1vez Hern\u00e1ndez, los llev\u00f3 a lugares destacados, Jos\u00e9 Servando fue diputado federal y m\u00e1s tarde secretario de gobierno en \u00a0Quintana Roo, y cuando Carlos G\u00e1lvez Betancourt se vino a Michoac\u00e1n, desde la oficial\u00eda mayor de la Secretar\u00eda de Gobernaci\u00f3n, se trajo a Jos\u00e9 Servando a quien lo hizo secretario de Gobierno.<\/p>\n<p>CARLOS GALVEZ SE VA AL IMSS, DEJA A SERVANDO<\/p>\n<p>Cuando llega a la presidencia de la rep\u00fablica Luis Echeverr\u00eda, quien hab\u00eda sido Secretario de Gobernaci\u00f3n, y ah\u00ed hab\u00edan sido\u00a0 compa\u00f1eros con Carlos G\u00e1lvez\u00a0 Betancourt, se lo llev\u00f3 para que dirigiera al IMSS, raz\u00f3n por lo cual solamente pudo gobernar a la entidad por dos a\u00f1os, fue entonces cuando Jos\u00e9 Servando Ch\u00e1vez, se hizo cargo del gobierno de Michoac\u00e1n, ante lo cual permaneci\u00f3 en el cargo por cuatro a\u00f1os, durante ese tiempo Luis Echeverr\u00eda hizo realidad el sue\u00f1o, del general L\u00e1zaro C\u00e1rdenas de aprovechar, el recurso ferroso de la costa, y as\u00ed naci\u00f3 Sicartsa Las Truchas.<\/p>\n<p>SERVANDO Y AUSENCIO, VIDAS PARALELAS<\/p>\n<p>El caso de los hermanos Ch\u00e1vez Hern\u00e1ndez, Jos\u00e9 Servando y Ausencio Ch\u00e1vez es ins\u00f3lito, por eso se lo comentamos, ya sabe usted que Jos\u00e9 Servando fue Secretario de Gobierno, de Carlos G\u00e1lvez Betancourt, y ante la salida de este, se qued\u00f3 como gobernador, igual sucedi\u00f3 a\u00f1os despu\u00e9s con Ausencio Ch\u00e1vez Hern\u00e1ndez, quien era Secretario de Gobierno con Carlos Torres Manzo, y algunos a\u00f1os despu\u00e9s lleg\u00f3 a ser gobernador de Michoac\u00e1n, ante la salida de Eduardo Villase\u00f1or, quien ha sido uno de los gobernadores michoacanos, que han durado menos tiempo en el gobierno, menos de un mes. Descanse en paz Jos\u00e9 Servando Ch\u00e1vez.<\/p>\n<p>LOS MONARCAS MALETAS, PREPARAN\u00a0 MALETAS, SE VAN<\/p>\n<p>Ayer en varios diarios nacionales dedicados al deporte, se dio la noticia ,\u00a0 de que para la temporada del 2015, el equipo de futbol Monarcas, se ir\u00e1 a San Luis Potos\u00ed ciudad, que quiere otra vez tener un equipo de futbol de primera divisi\u00f3n, y la verdad es bueno que ese equipo que se llama Monarcas, y que seguramente cambiar\u00e1 de nombre en San Luis Potos\u00ed, se vaya porque ya no era grato,\u00a0 menos por la forma en que fue tratado sobre todo esta temporada.<\/p>\n<p>EL equipo fue desmantelado falt\u00e1ndole el respeto a la afici\u00f3n moreliana, todo con la finalidad de salvar del descenso, al equipo tapat\u00edo del Atlas, pero ya le hemos contado nada m\u00e1s vea, los equipos y en casi todos hay un jugador del Morelia, por ejemplo el Le\u00f3n Saba, El\u00edas y C\u00e1rdenas, solamente por ponerle un ejemplo, y es que Televisi\u00f3n Azteca solamente ve al equipo como negocio, no quiere darle satisfacciones a la afici\u00f3n moreliana, la\u00a0 cual l\u00f3gicamente se ha alejado del equipo, ni modo, esperamos que le vaya mejor all\u00e1.<\/p>\n<p>SE CALIENTA LA SITUACION ELECTORAL<\/p>\n<p>Seguiremos present\u00e1ndole a los personajes, hombre y mujeres que quieren aportar algo a su municipios, en el Congreso federal o estatal, as\u00ed tenemos por ejemplo en\u00a0 Zamora, destacan Mart\u00edn Samaguey,\u00a0 Guillermo G\u00f3mez,\u00a0 Pablo Guti\u00e9rrez, David Alfaro Garc\u00e9s, mientras que en Apatzing\u00e1n, tienen ganas de participar\u00a0 Jos\u00e9 Luis Cruz Lucatero,\u00a0 C\u00e9sar Ch\u00e1vez y\u00a0 Francisco Moreno Barrag\u00e1n, en el caso de\u00a0 Jiquilpan, andan interesados\u00a0 Juan Manuel Figueroa Valencia, Mariela Ochoa Castellanos,\u00a0 Rafael Ram\u00edrez,\u00a0 Alfredo Anaya Orozco,\u00a0 Antonio Ch\u00e1vez Cacho y Osvaldo Fern\u00e1ndez.<\/p>\n<p>Por la Piedad Jaime Mares Camarena, Teresita Cano, Ram\u00f3n Maya, y Adriana Hern\u00e1ndez actual diputada federal, pero le gustar\u00eda, la presidencia municipal o la diputaci\u00f3n local, ya tiene experiencia, por L\u00e1zaro C\u00e1rdenas, Oswald\u00a0 de la Pe\u00f1a David Zamudio,\u00a0 Ram\u00f3n Segura\u00a0 y Silvestre Sandoval,\u00a0 en P\u00e1tzcuaro, Arturo Acosta Mora,\u00a0 Jorge Pita Arroyo, Valent\u00edn Rodr\u00edguez, Salvador Bastida, Elio N\u00fa\u00f1ez Rueda, Javier\u00a0 Alvarez\u00a0 Cornejo y Eustolio Nava Ortiz, por Zit\u00e1cuaro, destacan tres Orihuelas, tanto Eduardo, como Juan Carlos y Antonio Ixtl\u00e1huac, por Ciudad Hidalgo, Karina L\u00f3pez, Sabido Padilla, Vicente Estrada\u00a0 y Angelita Gayt\u00e1n, por Zacapu Mario Maga\u00f1a Ju\u00e1rez,\u00a0 Francisco Octavio Aparicio, Rosita Molina y\u00a0 Ramiro Pe\u00f1a D\u00edaz, finalmente por Uruapan, Marco Trejo Aldo Mac\u00edas, Ram\u00f3n Hern\u00e1ndez, y Benjam\u00edn Grayeb, no debe olvidar que estos personajes, bien pueden ir por la presidencia municipal, o bien por una diputaci\u00f3n federal o local, como puede usted ver mujeres hay muy pocas.<\/p>\n<p>EL PRI DFEJARA 35 % A LAS MUJERES<\/p>\n<p>Realmente no sabemos si el PRI puede hacer esto, vamos si es optativo el aplicar el 50\u00a0 por ciento, de las candidaturas, para las mujeres porque en el PRI Michoacano,\u00a0 se comenta que a las mujeres solamente les habr\u00e1n de dejar el 35 por ciento, el resto ser\u00e1 para los j\u00f3venes, con lo cual seguramente piensan cumplir con el 50 por ciento, la cuesti\u00f3n es que como no hay una dirigencia fuerte, que marque el rumbo, cada quien hace lo que quiere, mientras Marco Polo y sus muchachitos, no saben lo que hacen.<\/p>\n<p>EL PROTOCOLO ES DE TRES POR UNO<\/p>\n<p>La verdad no sab\u00edamos que era parte de un protocolo, el que por cada persona que protesta, debe la polic\u00eda tener tres elementos, \u00bftan peligrosos son?, cada uno vale por tres, as\u00ed que como por lo general no se tienen muchos elementos de seguridad, los elementos policiacos solamente van como observadores, no hacen nada, no intervienen pero la verdad se ven rid\u00edculos, que mientras los j\u00f3venes normalistas o no, destruyen, incendian y saquean las sedes del PAN y de Alianza, la polic\u00eda solamente mira, falta que les echen porras.<\/p>\n<p>LOS NORMALISTAS SE DESLINDAN DE LA VIOLENCIA<\/p>\n<p>Ayer despu\u00e9s de los actos mediante los cuales, decenas de j\u00f3venes procedieron a incendiar la Secretar\u00eda de Finanzas, las sedes del PAN y Alianza, los normalistas frente a Palacio de Gobierno, se deslindaron de los actos violentos, y es que se entiende la rabia de Miguel Angel Ch\u00e1vez dirigente estatal del PAN, quien dijo que cuando llegaron los j\u00f3venes, estaba una patrulla frente a las oficinas, la cual se quit\u00f3 para que se pusiera un autob\u00fas, desde donde saltaron al segundo piso de la sede, para destruirla y saquearla.<\/p>\n<p>UNA HORA ANTES HABLO CON HUGO CASTELLANOS<\/p>\n<p>EL dirigente estatal del PAN, Miguel Angel Ch\u00e1vez estaba realmente molesto, por la actitud del gobierno del estado, dijo que una hora antes habl\u00f3 con el Secretario de Seguridad, Carlos Hugo Castellanos a quien le expuso la situaci\u00f3n, su temor ante la llegada inminente de los j\u00f3venes, a lo cual el titular de Seguridad, le pregunt\u00f3 que porqu\u00e9 sab\u00eda que ir\u00edan los j\u00f3venes a las sede del PAN, lo cual afirm\u00f3 era improbable.<\/p>\n<p>NADIE QUIERE REPRESION CONTRA NORMALISTAS<\/p>\n<p>La verdad nadie en sus cinco sentidos, quiere que se reprima a los j\u00f3venes normalistas, los entendemos desde el punto de vista, del doctor Salvador Allende, quien dijo que ser joven y no ser revolucionario, era hasta una contradicci\u00f3n biol\u00f3gica, porque es cierto los j\u00f3venes tienen derecho a ser revolucionarios, insurgentes pero una cosa es ser revolucionario y otra muy distinta, es destruir y violentar oficinas, centros comerciales y edificios hist\u00f3ricos.<\/p>\n<p>No se quiere caer en\u00a0 la represi\u00f3n solamente, garantizar la seguridad de los morelianos, en sus comercios, en sus propiedades porque no es justo, que los morelianos est\u00e9n expuestos a estos actos, sin que ni un elemento policiaco intervenga, no para reprimirlos, solamente para salvaguardar los intereses y propiedades de los morelianos, entendemos la irritaci\u00f3n social, por los hechos de Ayotzinapa, no es justo, no es posible que sucedan cosas as\u00ed a\u00fan en M\u00e9xico.<\/p>\n<p>Pero tampoco es justo que pague la sociedad, deben centrar su irritaci\u00f3n y molestia, contra los narcos y la polic\u00eda que hicieron el desastre, contra los partidos pol\u00edticos que apoyaron\u00a0 e impulsaron esas candidaturas, los de Guerrero no los de aqu\u00ed, hay muchos culpables antes que llegar a las instancias federales, que tambi\u00e9n tienen culpa, por ejemplo tanto Osorio Chong como Murillo Karam, esos se\u00f1ores deben irse a sus casas pero ya. Centren sus exigencias pero no da\u00f1en a la ciudad ni a los ciudadanos.<\/p>\n","protected":false},"excerpt":{"rendered":"<p>\u2022\tMURIO SERVANDO CHAVEZ<br \/>\n\u2022\tLAS MALETAS SE VAN A SLP<br \/>\n\u2022\tASPIRANTES DEL TRICOLOR<br \/>\n\u2022\tNORMALISTAS INTOCABLES<\/p>\n","protected":false},"author":1,"featured_media":0,"comment_status":"open","ping_status":"open","sticky":false,"template":"","format":"standard","meta":{"footnotes":""},"categories":[4,14,10],"tags":[],"class_list":["post-11410","post","type-post","status-publish","format-standard","hentry","category-columnistas","category-destacadas","category-juan-manuel-belmonte"],"_links":{"self":[{"href":"https:\/\/radiowebmx.com\/nota\/wp-json\/wp\/v2\/posts\/11410","targetHints":{"allow":["GET"]}}],"collection":[{"href":"https:\/\/radiowebmx.com\/nota\/wp-json\/wp\/v2\/posts"}],"about":[{"href":"https:\/\/radiowebmx.com\/nota\/wp-json\/wp\/v2\/types\/post"}],"author":[{"embeddable":true,"href":"https:\/\/radiowebmx.com\/nota\/wp-json\/wp\/v2\/users\/1"}],"replies":[{"embeddable":true,"href":"https:\/\/radiowebmx.com\/nota\/wp-json\/wp\/v2\/comments?post=11410"}],"version-history":[{"count":2,"href":"https:\/\/radiowebmx.com\/nota\/wp-json\/wp\/v2\/posts\/11410\/revisions"}],"predecessor-version":[{"id":11412,"href":"https:\/\/radiowebmx.com\/nota\/wp-json\/wp\/v2\/posts\/11410\/revisions\/11412"}],"wp:attachment":[{"href":"https:\/\/radiowebmx.com\/nota\/wp-json\/wp\/v2\/media?parent=11410"}],"wp:term":[{"taxonomy":"category","embeddable":true,"href":"https:\/\/radiowebmx.com\/nota\/wp-json\/wp\/v2\/categories?post=11410"},{"taxonomy":"post_tag","embeddable":true,"href":"https:\/\/radiowebmx.com\/nota\/wp-json\/wp\/v2\/tags?post=11410"}],"curies":[{"name":"wp","href":"https:\/\/api.w.org\/{rel}","templated":true}]}}