{"id":11406,"date":"2014-11-11T13:56:14","date_gmt":"2014-11-11T19:56:14","guid":{"rendered":"https:\/\/radiowebmx.com\/nota\/?p=11406"},"modified":"2014-11-11T13:56:14","modified_gmt":"2014-11-11T19:56:14","slug":"aprueba-cabildo-moreliano-la-creacion-de-la-coordinacion-general-de-gestion-urbana-y-patrimonio-cultural","status":"publish","type":"post","link":"https:\/\/radiowebmx.com\/nota\/aprueba-cabildo-moreliano-la-creacion-de-la-coordinacion-general-de-gestion-urbana-y-patrimonio-cultural\/","title":{"rendered":"APRUEBA CABILDO MORELIANO LA CREACI\u00d3N DE LA COORDINACI\u00d3N GENERAL DE GESTI\u00d3N URBANA Y PATRIMONIO CULTURAL"},"content":{"rendered":"<p>Por unanimidad los integrantes del Cabildo moreliano aprobaron esta noche en sesi\u00f3n ordinaria el acuerdo que adiciona a la Administraci\u00f3n P\u00fablica municipal un \u00e1rea de trabajo denominada \u201cCoordinaci\u00f3n General de Gesti\u00f3n Urbana y Patrimonio Cultural\u201d, dependencia que asumir\u00e1 diversas funciones que realizaba el ahora extinto Instituto Municipal de Desarrollo Urbano de Morelia (Imdum).<\/p>\n<p>&nbsp;<\/p>\n<p>El S\u00edndico municipal Salvador Abud Mirabent indic\u00f3 que la creaci\u00f3n de esta \u00e1rea se deriva de los acuerdos que se tomaron con la creaci\u00f3n del Instituto Municipal de Planeaci\u00f3n (Implan) y la extinci\u00f3n del Imdum: \u201ccon este acuerdo estamos cumpliendo con el compromiso de rescatar la experiencia de muchas personas que en su momento estuvieron trabajando en el Imdum y que ahora seguiremos aprovechando para el desempe\u00f1o de tareas importantes para la ciudad\u201d.<\/p>\n<p>&nbsp;<\/p>\n<p>Resalt\u00f3 que es una coordinaci\u00f3n que tendr\u00e1 5 o 6 personas y que desquitar\u00e1 con creces y resultados el recurso p\u00fablico que se le invierta para su desempe\u00f1o.<\/p>\n<p>&nbsp;<\/p>\n<p>Con la aprobaci\u00f3n de esta coordinaci\u00f3n se mantiene la comunicaci\u00f3n permanente y directa con instancias como el INAH, CONACULTA y el FONCA, para la formulaci\u00f3n y financiamiento de diversos proyectos que mantendr\u00e1n a Morelia a la vanguardia de las Ciudades Patrimonio de la Humanidad, cumpliendo con el compromiso de la salvaguardar sus valores patrimoniales.<\/p>\n<p>&nbsp;<\/p>\n<p>Cabe mencionar que como resultado de la gesti\u00f3n y trabajo realizado por el Imdum, ahora Coordinaci\u00f3n General de Gesti\u00f3n Urbana y Patrimonio Cultural, se logr\u00f3 la obtenci\u00f3n de recursos millonarios para la restauraci\u00f3n de varios espacios ubicados en el centro hist\u00f3rico de la capital michoacana como el Bosque Cuauht\u00e9moc y recientemente la remodelaci\u00f3n del mercado de antojitos de San Agust\u00edn, entre otros sitios emblem\u00e1ticos.<\/p>\n<p>&nbsp;<\/p>\n<p>Entre otros puntos, en esta sesi\u00f3n ordinaria se aprob\u00f3 tambi\u00e9n el dictamen por medio del cual se autoriza a la Secretaria de Desarrollo Urbano y Medio Ambiente emitir constancias de regularizaci\u00f3n para 45 torres de telecomunicaciones, propiedad de la empresa Radio M\u00f3vil.<\/p>\n<p>&nbsp;<\/p>\n<p>Adem\u00e1s, se aprob\u00f3 la solicitud de licencia temporal hasta por 60 d\u00edas entregada por el regidor Cuautli Yared Guzm\u00e1n Espitia.<\/p>\n","protected":false},"excerpt":{"rendered":"<p>Por unanimidad los integrantes del Cabildo moreliano aprobaron esta noche en sesi\u00f3n ordinaria el acuerdo que adiciona a la Administraci\u00f3n P\u00fablica municipal un \u00e1rea de trabajo denominada \u201cCoordinaci\u00f3n General de Gesti\u00f3n Urbana y Patrimonio Cultural\u201d, dependencia que asumir\u00e1 diversas funciones que realizaba el ahora extinto Instituto Municipal de Desarrollo Urbano de Morelia (Imdum).<\/p>\n","protected":false},"author":1,"featured_media":11407,"comment_status":"open","ping_status":"open","sticky":false,"template":"","format":"standard","meta":{"footnotes":""},"categories":[14,9],"tags":[],"class_list":["post-11406","post","type-post","status-publish","format-standard","has-post-thumbnail","hentry","category-destacadas","category-morelia"],"_links":{"self":[{"href":"https:\/\/radiowebmx.com\/nota\/wp-json\/wp\/v2\/posts\/11406","targetHints":{"allow":["GET"]}}],"collection":[{"href":"https:\/\/radiowebmx.com\/nota\/wp-json\/wp\/v2\/posts"}],"about":[{"href":"https:\/\/radiowebmx.com\/nota\/wp-json\/wp\/v2\/types\/post"}],"author":[{"embeddable":true,"href":"https:\/\/radiowebmx.com\/nota\/wp-json\/wp\/v2\/users\/1"}],"replies":[{"embeddable":true,"href":"https:\/\/radiowebmx.com\/nota\/wp-json\/wp\/v2\/comments?post=11406"}],"version-history":[{"count":1,"href":"https:\/\/radiowebmx.com\/nota\/wp-json\/wp\/v2\/posts\/11406\/revisions"}],"predecessor-version":[{"id":11408,"href":"https:\/\/radiowebmx.com\/nota\/wp-json\/wp\/v2\/posts\/11406\/revisions\/11408"}],"wp:featuredmedia":[{"embeddable":true,"href":"https:\/\/radiowebmx.com\/nota\/wp-json\/wp\/v2\/media\/11407"}],"wp:attachment":[{"href":"https:\/\/radiowebmx.com\/nota\/wp-json\/wp\/v2\/media?parent=11406"}],"wp:term":[{"taxonomy":"category","embeddable":true,"href":"https:\/\/radiowebmx.com\/nota\/wp-json\/wp\/v2\/categories?post=11406"},{"taxonomy":"post_tag","embeddable":true,"href":"https:\/\/radiowebmx.com\/nota\/wp-json\/wp\/v2\/tags?post=11406"}],"curies":[{"name":"wp","href":"https:\/\/api.w.org\/{rel}","templated":true}]}}