{"id":11403,"date":"2014-11-11T13:47:21","date_gmt":"2014-11-11T19:47:21","guid":{"rendered":"https:\/\/radiowebmx.com\/nota\/?p=11403"},"modified":"2014-11-11T13:47:21","modified_gmt":"2014-11-11T19:47:21","slug":"catherine-r-ettinger-asiste-al-36-aniversario-de-la-facultad-de-arquitectura","status":"publish","type":"post","link":"https:\/\/radiowebmx.com\/nota\/catherine-r-ettinger-asiste-al-36-aniversario-de-la-facultad-de-arquitectura\/","title":{"rendered":"CATHERINE R. ETTINGER ASISTE AL 36 ANIVERSARIO DE LA FACULTAD DE ARQUITECTURA"},"content":{"rendered":"<p>La presidenta del Sistema para el Desarrollo Integral de la Familia (DIF) Michoac\u00e1n, Catherine R. Ettinger, asisti\u00f3 a la conmemoraci\u00f3n del 36 Aniversario de la Facultad de Arquitectura de la Universidad Michoacana de San Nicol\u00e1s de Hidalgo (UMSNH), en la cual hizo entrega de un reconocimiento a la maestra Laura Olgu\u00edn S\u00e1nchez por su destacada labor.<\/p>\n<p>Agradeci\u00f3 el haber sido invitada a tan importante evento e hizo una peque\u00f1a rese\u00f1a del libro \u201cLa Arquitectura de la Ciudad\u201d, del autor italiano Aldo Rossi, donde mencion\u00f3 la lecci\u00f3n de la juventud que deja el autor al invitar a enamorarse de una carrera y como \u00e9l dir\u00eda, de un oficio.<\/p>\n<p>\u201cMucho se dice que la juventud es nuestro futuro pero creo que es mejor decir que la juventud es nuestro presente; ustedes j\u00f3venes arquitectos son quienes aportan a diario nuevas ideas, ven el mundo de una manera distinta, y hay que decirlo, se preparan mejor que las generaciones anteriores; quienes aman su carrera, tratan de disfrutar sus develadas y el trabajo duro, quienes se disciplinan buscando la perfeccionan van por buen camino, ustedes son nuestra esperanza\u201d, cit\u00f3.<\/p>\n<p>De esta manera invit\u00f3 a seguir construyendo sobre los cimientos que se tienen, a reconocer y a agradecer el trabajo de quienes a trav\u00e9s del tiempo han ido construyendo lo que hasta hoy se tiene.<\/p>\n<p>Por su parte, la directora de la Facultad de Arquitectura, Judith N\u00fa\u00f1ez Aguilar, dio la bienvenida a los presentes y agradeci\u00f3 su presencia en el acto tan significativo.<\/p>\n<p>Afirm\u00f3 que conmemorar no solo debe significar celebrar, sino hacer memoria del camino recorrido, explicar y diagnosticar el presente para as\u00ed lanzarse con m\u00e1s fuerza hacia el futuro.<\/p>\n<p>\u201cNuestra historia est\u00e1 compuesta por la comunidad que somos y como en todas las comunidades podr\u00e1 haber desacuerdos, pero los or\u00edgenes humanistas de nuestra Universidad han permitido a la facultad ser el espacio ideal para la libre expresi\u00f3n, la tolerancia, el respeto y la pluralidad de pensamientos e ideas, privilegiando siempre el inter\u00e9s institucional ante cualquier otro, resolviendo los conflictos mediante el di\u00e1logo\u201d, se\u00f1al\u00f3, como una peque\u00f1a semblanza de la historia de la Facultad.<\/p>\n<p>Finalmente, el rector de la Universidad Michoacana de San Nicol\u00e1s de Hidalgo, Jos\u00e9 Gerardo Tinoco Ru\u00edz, hizo la declaratoria inaugural de las actividades que se tendr\u00e1n toda la semana.<\/p>\n<p>La carrera de Arquitectura fue inaugurada el 10 de noviembre de 1978 siendo rector Genovevo Figueroa Zamudio, con una poblaci\u00f3n de tan solo 50 estudiantes y 10 catedr\u00e1ticos; en el a\u00f1o de 1995 la escuela se convirti\u00f3 en Facultad de Arquitectura por haberse instaurado su primer programa de Maestr\u00eda.<\/p>\n<p>Durante el acto conmemorativo tambi\u00e9n se entregaron reconocimientos a\u00a0 Salvador Rodr\u00edguez Alvarado, Jorge Eleazar Ojeda Morelos, Jaime Arturo Santib\u00e1\u00f1ez Ram\u00edrez, Alejandro Fraga Zizumbo, Gerardo de los \u00c1ngeles Arias Jim\u00e9nez, Carlos Alberto Hiriart Pardo, Joaqu\u00edn L\u00f3pez Tinajero, V\u00edctor Manuel Ruelas Cardiel y adem\u00e1s se reconoci\u00f3 a la alumna Cynthia Esmeralda Torres Mart\u00ednez, del tercer semestre de arquitectura por su destacado desempe\u00f1o acad\u00e9mico.<\/p>\n<p>En el evento tambi\u00e9n estuvieron presentes Joaqu\u00edn Contreras L\u00f3pez, director de la Facultad de Ingenier\u00eda Civil; Elisa Espinoza Ju\u00e1rez, directora de la Facultad de Ingenier\u00eda El\u00e9ctrica; Abril Munro Rojas, directora de la Facultad de Ingenier\u00eda en Tecnolog\u00eda de la Madera; Crisanto Mendoza Covarrubias, director de la Facultad de Ingenier\u00eda Mec\u00e1nica; Jaime Espino Valencia, director de la Facultad de Ingenier\u00eda Qu\u00edmica y Claudia Rodr\u00edguez Espinosa, jefa de la Divisi\u00f3n de Estudios de Posgrado de la Facultad de Arquitectura.<\/p>\n","protected":false},"excerpt":{"rendered":"<p>La presidenta del Sistema para el Desarrollo Integral de la Familia (DIF) Michoac\u00e1n, Catherine R. Ettinger, asisti\u00f3 a la conmemoraci\u00f3n del 36 Aniversario de la Facultad de Arquitectura de la Universidad Michoacana de San Nicol\u00e1s de Hidalgo (UMSNH),<\/p>\n","protected":false},"author":1,"featured_media":11404,"comment_status":"open","ping_status":"open","sticky":false,"template":"","format":"standard","meta":{"footnotes":""},"categories":[14,3],"tags":[],"class_list":["post-11403","post","type-post","status-publish","format-standard","has-post-thumbnail","hentry","category-destacadas","category-gobierno-del-estado-de-michoacan"],"_links":{"self":[{"href":"https:\/\/radiowebmx.com\/nota\/wp-json\/wp\/v2\/posts\/11403","targetHints":{"allow":["GET"]}}],"collection":[{"href":"https:\/\/radiowebmx.com\/nota\/wp-json\/wp\/v2\/posts"}],"about":[{"href":"https:\/\/radiowebmx.com\/nota\/wp-json\/wp\/v2\/types\/post"}],"author":[{"embeddable":true,"href":"https:\/\/radiowebmx.com\/nota\/wp-json\/wp\/v2\/users\/1"}],"replies":[{"embeddable":true,"href":"https:\/\/radiowebmx.com\/nota\/wp-json\/wp\/v2\/comments?post=11403"}],"version-history":[{"count":1,"href":"https:\/\/radiowebmx.com\/nota\/wp-json\/wp\/v2\/posts\/11403\/revisions"}],"predecessor-version":[{"id":11405,"href":"https:\/\/radiowebmx.com\/nota\/wp-json\/wp\/v2\/posts\/11403\/revisions\/11405"}],"wp:featuredmedia":[{"embeddable":true,"href":"https:\/\/radiowebmx.com\/nota\/wp-json\/wp\/v2\/media\/11404"}],"wp:attachment":[{"href":"https:\/\/radiowebmx.com\/nota\/wp-json\/wp\/v2\/media?parent=11403"}],"wp:term":[{"taxonomy":"category","embeddable":true,"href":"https:\/\/radiowebmx.com\/nota\/wp-json\/wp\/v2\/categories?post=11403"},{"taxonomy":"post_tag","embeddable":true,"href":"https:\/\/radiowebmx.com\/nota\/wp-json\/wp\/v2\/tags?post=11403"}],"curies":[{"name":"wp","href":"https:\/\/api.w.org\/{rel}","templated":true}]}}