{"id":11398,"date":"2014-11-11T13:43:38","date_gmt":"2014-11-11T19:43:38","guid":{"rendered":"https:\/\/radiowebmx.com\/nota\/?p=11398"},"modified":"2014-11-11T13:43:38","modified_gmt":"2014-11-11T19:43:38","slug":"extranjeros-disfrutan-dulces-y-artesanias-durante-el-7o-campeonato-mundial-para-personas-con-sindrome-de-down","status":"publish","type":"post","link":"https:\/\/radiowebmx.com\/nota\/extranjeros-disfrutan-dulces-y-artesanias-durante-el-7o-campeonato-mundial-para-personas-con-sindrome-de-down\/","title":{"rendered":"EXTRANJEROS DISFRUTAN DULCES Y ARTESAN\u00cdAS DURANTE EL 7\u00ba CAMPEONATO MUNDIAL PARA PERSONAS CON S\u00cdNDROME DE DOWN"},"content":{"rendered":"<p><a href=\"https:\/\/radiowebmx.com\/nota\/wp-content\/uploads\/2014\/11\/DSC01035.jpg\"><img loading=\"lazy\" decoding=\"async\" class=\"alignleft size-full wp-image-11399\" alt=\"DSC01035\" src=\"https:\/\/radiowebmx.com\/nota\/wp-content\/uploads\/2014\/11\/DSC01035.jpg\" width=\"591\" height=\"321\" srcset=\"https:\/\/radiowebmx.com\/nota\/wp-content\/uploads\/2014\/11\/DSC01035.jpg 591w, https:\/\/radiowebmx.com\/nota\/wp-content\/uploads\/2014\/11\/DSC01035-300x162.jpg 300w\" sizes=\"auto, (max-width: 591px) 100vw, 591px\" \/><\/a>Vendedores del Mercado de Dulces y Artesan\u00edas de la capital michoacana, ofertan sus productos a los participantes y espectadores del 7\u00ba Campeonato Mundial de Nataci\u00f3n para Personas con S\u00edndrome de Down, en las instalaciones de la Unidad Deportiva Indeco-Morelos.<\/p>\n<p>Susana Hueramo Romero, oferente establecida desde el pasado viernes en el espacio deportivo que alberga la \u00fanica alberca ol\u00edmpica en su tipo de Latinoam\u00e9rica, coment\u00f3 que las ventas est\u00e1n fluyendo progresivamente gracias a la afluencia de gran cantidad de deportistas y visitantes extranjeros, quienes han manifestado su agrado por las golosinas t\u00edpicas, siendo precavidos con el picante.<\/p>\n<p>La comerciante expres\u00f3 que conf\u00eda en que acudan m\u00e1s personas a comprar conforme se acerque el fin de la competencia internacional, pues muchas han afirmado que desean llevar los dulces y artesan\u00edas a sus pa\u00edses de origen, para que sus familiares y amigos puedan probarlas y conocerlas.<\/p>\n<p>Finalmente, Susana Hueramo explic\u00f3 que ha recibido comentarios satisfactorios de los turistas, quienes est\u00e1n agradecidos por la calidez que han mostrado los morelianos al darles la bienvenida y atenderlos, por lo que su estancia ha sido m\u00e1s agradable de lo que esperaban.<\/p>\n","protected":false},"excerpt":{"rendered":"<p>Vendedores del Mercado de Dulces y Artesan\u00edas de la capital michoacana, ofertan sus productos a los participantes y espectadores del 7\u00ba Campeonato Mundial de Nataci\u00f3n para Personas con S\u00edndrome de Down, en las instalaciones de la Unidad Deportiva Indeco-Morelos.<\/p>\n","protected":false},"author":1,"featured_media":11399,"comment_status":"open","ping_status":"open","sticky":false,"template":"","format":"standard","meta":{"footnotes":""},"categories":[14,9],"tags":[],"class_list":["post-11398","post","type-post","status-publish","format-standard","has-post-thumbnail","hentry","category-destacadas","category-morelia"],"_links":{"self":[{"href":"https:\/\/radiowebmx.com\/nota\/wp-json\/wp\/v2\/posts\/11398","targetHints":{"allow":["GET"]}}],"collection":[{"href":"https:\/\/radiowebmx.com\/nota\/wp-json\/wp\/v2\/posts"}],"about":[{"href":"https:\/\/radiowebmx.com\/nota\/wp-json\/wp\/v2\/types\/post"}],"author":[{"embeddable":true,"href":"https:\/\/radiowebmx.com\/nota\/wp-json\/wp\/v2\/users\/1"}],"replies":[{"embeddable":true,"href":"https:\/\/radiowebmx.com\/nota\/wp-json\/wp\/v2\/comments?post=11398"}],"version-history":[{"count":2,"href":"https:\/\/radiowebmx.com\/nota\/wp-json\/wp\/v2\/posts\/11398\/revisions"}],"predecessor-version":[{"id":11402,"href":"https:\/\/radiowebmx.com\/nota\/wp-json\/wp\/v2\/posts\/11398\/revisions\/11402"}],"wp:featuredmedia":[{"embeddable":true,"href":"https:\/\/radiowebmx.com\/nota\/wp-json\/wp\/v2\/media\/11399"}],"wp:attachment":[{"href":"https:\/\/radiowebmx.com\/nota\/wp-json\/wp\/v2\/media?parent=11398"}],"wp:term":[{"taxonomy":"category","embeddable":true,"href":"https:\/\/radiowebmx.com\/nota\/wp-json\/wp\/v2\/categories?post=11398"},{"taxonomy":"post_tag","embeddable":true,"href":"https:\/\/radiowebmx.com\/nota\/wp-json\/wp\/v2\/tags?post=11398"}],"curies":[{"name":"wp","href":"https:\/\/api.w.org\/{rel}","templated":true}]}}