{"id":1138,"date":"2013-02-04T11:50:45","date_gmt":"2013-02-04T17:50:45","guid":{"rendered":"https:\/\/radiowebmx.com\/nota\/?p=1138"},"modified":"2013-02-04T11:50:45","modified_gmt":"2013-02-04T17:50:45","slug":"seguridad-integral-y-con-respeto-a-la-ley-en-las-comunidades-reyna-garcia","status":"publish","type":"post","link":"https:\/\/radiowebmx.com\/nota\/seguridad-integral-y-con-respeto-a-la-ley-en-las-comunidades-reyna-garcia\/","title":{"rendered":"Seguridad integral y con respeto a la ley en las comunidades: Reyna Garc\u00eda"},"content":{"rendered":"<p><img loading=\"lazy\" decoding=\"async\" class=\"alignnone\" src=\"http:\/\/img705.imageshack.us\/img705\/7056\/dsc38101.jpg\" alt=\"\" width=\"591\" height=\"163\" \/>La seguridad en las comunidades ind\u00edgenas del estado debe ser integral, en toda la regi\u00f3n y con pleno respeto a la legalidad, afirm\u00f3 el secretario de Gobierno J. Jes\u00fas Reyna Garc\u00eda, durante el di\u00e1logo que sostuvo con representantes de siete comunidades pertenecientes al municipio de Paracho, con quienes hubo coincidencia con relaci\u00f3n al respeto del marco jur\u00eddico, con miras a una sana convivencia entre habitantes de las diversas poblaciones.<\/p>\n<p>&nbsp;<\/p>\n<p>En esta reuni\u00f3n, los representantes de bienes comunales, jefes de tenencia y encargados del orden de las comunidades de Cheran\u00e1stico, Urapicho, Ahuir\u00e1n, Arato, Pomacuar\u00e1n, Quinceo y Aranza, manifestaron que no pretenden separarse ni ser diferentes, sino participar en la planeaci\u00f3n de las estrategias para resolver los problemas en conjunto con el gobierno estatal.<\/p>\n<p>&nbsp;<\/p>\n<p>Con la presencia del procurador del estado Pl\u00e1cido Torres Pineda, del secretario de Seguridad P\u00fablica, El\u00edas \u00c1lvarez Hern\u00e1ndez; de Armando Ballinas May\u00e9s, titular del Consejo Estatal de Seguridad P\u00fablica; del presidente municipal de Paracho, Nicol\u00e1s Zalapa Vargas, as\u00ed como del secretario de Pueblos Ind\u00edgenas, Alejandro Avil\u00e9s Reyes, Reyna Garc\u00eda enfatiz\u00f3 que la instrucci\u00f3n del gobernador Fausto Vallejo Figueroa, es atender puntualmente las demandas de los pueblos ind\u00edgenas de la entidad, sobre todo en materia de seguridad.<\/p>\n<p>&nbsp;<\/p>\n<p>Aclar\u00f3 que las medidas que se habr\u00e1n de adoptar, buscar\u00e1n el establecimiento de operaciones que conduzcan a la estabilidad y armon\u00eda en toda la regi\u00f3n, incluyendo las comunidades ind\u00edgenas de la Meseta Pur\u00e9pecha, as\u00ed como de la Ca\u00f1ada de los Once Pueblos y las pertenecientes a otros municipios como Uruapan y Los Reyes.<\/p>\n<p>&nbsp;<\/p>\n<p>Anunci\u00f3 que \u00e9sta fue la primera de muchas reuniones que continuar\u00e1n realizando para revisar los planteamientos de los representantes de las comunidades, mismos que conoce el gobernador Vallejo Figueroa y que ha asumido como un compromiso de esta administraci\u00f3n.<\/p>\n<p>&nbsp;<\/p>\n<p>Jes\u00fas Reyna destac\u00f3 la importancia que tiene lograr un ambiente de paz y tranquilidad, que permita un arm\u00f3nico desarrollo de las comunidades, los pueblos y los municipios, \u201cpara que tengamos la tranquilidad de salir a la calle, a las carreteras, sin el temor de ser v\u00edctimas de la delincuencia, para poder mandar a nuestros hijos a la escuela sin otras preocupaciones que no sean las de brindarles el apoyo que necesitan para su formaci\u00f3n\u201d, expres\u00f3.<\/p>\n<p>&nbsp;<\/p>\n<p>Los voceros de las comunidades reconocieron la sensibilidad mostrada por el gobierno del estado, para atender sus peticiones y escuchar sus propuestas respecto a las medidas que se deben tomar, para lograr la seguridad que requieren los michoacanos.<\/p>\n<p>&nbsp;<\/p>\n<p>Enfatizaron que sus planteamientos siempre estar\u00e1n apegados al respeto de las leyes que rigen a todos los ciudadanos y ofrecieron colaborar con las autoridades para lograr el objetivo com\u00fan de la seguridad p\u00fablica.<\/p>\n<p>&nbsp;<\/p>\n","protected":false},"excerpt":{"rendered":"<p>La seguridad en las comunidades ind\u00edgenas del estado debe ser integral, en toda la regi\u00f3n y con pleno respeto a la legalidad, afirm\u00f3 el secretario de Gobierno J. Jes\u00fas Reyna Garc\u00eda, durante el di\u00e1logo que sostuvo con representantes de siete comunidades pertenecientes al municipio de Paracho, con quienes hubo coincidencia con relaci\u00f3n al respeto del marco jur\u00eddico, con miras a una sana convivencia entre habitantes de las diversas poblaciones.<\/p>\n","protected":false},"author":1,"featured_media":0,"comment_status":"open","ping_status":"open","sticky":false,"template":"","format":"standard","meta":{"footnotes":""},"categories":[3],"tags":[],"class_list":["post-1138","post","type-post","status-publish","format-standard","hentry","category-gobierno-del-estado-de-michoacan"],"_links":{"self":[{"href":"https:\/\/radiowebmx.com\/nota\/wp-json\/wp\/v2\/posts\/1138","targetHints":{"allow":["GET"]}}],"collection":[{"href":"https:\/\/radiowebmx.com\/nota\/wp-json\/wp\/v2\/posts"}],"about":[{"href":"https:\/\/radiowebmx.com\/nota\/wp-json\/wp\/v2\/types\/post"}],"author":[{"embeddable":true,"href":"https:\/\/radiowebmx.com\/nota\/wp-json\/wp\/v2\/users\/1"}],"replies":[{"embeddable":true,"href":"https:\/\/radiowebmx.com\/nota\/wp-json\/wp\/v2\/comments?post=1138"}],"version-history":[{"count":1,"href":"https:\/\/radiowebmx.com\/nota\/wp-json\/wp\/v2\/posts\/1138\/revisions"}],"predecessor-version":[{"id":1139,"href":"https:\/\/radiowebmx.com\/nota\/wp-json\/wp\/v2\/posts\/1138\/revisions\/1139"}],"wp:attachment":[{"href":"https:\/\/radiowebmx.com\/nota\/wp-json\/wp\/v2\/media?parent=1138"}],"wp:term":[{"taxonomy":"category","embeddable":true,"href":"https:\/\/radiowebmx.com\/nota\/wp-json\/wp\/v2\/categories?post=1138"},{"taxonomy":"post_tag","embeddable":true,"href":"https:\/\/radiowebmx.com\/nota\/wp-json\/wp\/v2\/tags?post=1138"}],"curies":[{"name":"wp","href":"https:\/\/api.w.org\/{rel}","templated":true}]}}