{"id":1136,"date":"2013-02-04T11:46:22","date_gmt":"2013-02-04T17:46:22","guid":{"rendered":"https:\/\/radiowebmx.com\/nota\/?p=1136"},"modified":"2013-02-04T11:46:22","modified_gmt":"2013-02-04T17:46:22","slug":"pongamonos-la-camiseta-de-los-michoacanos-llamo-edil-de-turicato","status":"publish","type":"post","link":"https:\/\/radiowebmx.com\/nota\/pongamonos-la-camiseta-de-los-michoacanos-llamo-edil-de-turicato\/","title":{"rendered":"\u201cPONGAMONOS LA CAMISETA DE LOS MICHOACANOS\u201d, LLAM\u00d3 EDIL DE TURICATO"},"content":{"rendered":"<p><img loading=\"lazy\" decoding=\"async\" class=\"alignleft\" style=\"font-size: 13px;\" src=\"http:\/\/img62.imageshack.us\/img62\/5443\/dsc0259ug.jpg\" alt=\"\" width=\"591\" height=\"722\" \/>Desde esta capital y en el marco del CXCIX aniversario luctuoso de Don Mariano Matamoros, el Jefe de la Comuna de Turicato, Salvador Barrera Medrano, hizo un llamado a todos los michoacanos \u201ca sumar voluntades haciendo un lado convicciones ideol\u00f3gicas y nos pongamos la misma camiseta para juntos, solucionar los grandes rezagos sociales que laceran a nuestra gente; los problemas del pueblo son problemas de todos y la pobreza no tiene partido ni convicciones religiosas; coordinados debemos reconstruir el tejido social\u201d.<\/p>\n<p>Luego del bando que realizaron por estatuas, calles y portal con el nombre de h\u00e9roe insurgente,\u00a0\u00a0ediles, s\u00edndicos, regidores y funcionarios p\u00fablicos del gobierno del estado y municipios como Turicato, Tacambaro, P\u00e1tzcuaro y Morelia, frente al Portal Matamoros, llevaron a cabo un acto conmemorativo al aniversario luctuoso CXCIX de Don Mariano Matamoros quien fue fusilado en este lugar.<\/p>\n<p>Ah\u00ed, y acompa\u00f1ado por el edil anfitri\u00f3n Wilfrido L\u00e1zaro Medina y autoridades civiles y militares, Barrera Medrano destac\u00f3 que el h\u00e9roe insurgente no muri\u00f3\u00a0\u00a0un 13 de febrero de 1814, \u201cmuere cuando no enfrentamos con humildad nuestros errores, cuando permitimos que el poder se concentre en \u00e9lites y los derechos humanos no se respetan y tambi\u00e9n, cuando no respetamos el trabajo y derecho de los dem\u00e1s y cuando vemos claudicar a un hermano y no hacemos nada por tenderle la mano\u201d.<\/p>\n<p>Por ello, consider\u00f3 que es un acierto que todos los niveles de gobierno coordinen esfuerzos y as\u00ed, con la \u201ccamiseta de los michoacanos se busquen soluciones\u201d porque destac\u00f3 que la justicia, la soberan\u00eda y la libertad, son sus obras indestructibles que se conservan en el pensamiento de todo hombre y mujer que se dignen de ser mexicanos.<\/p>\n<p>En un discurso con especiales caracter\u00edsticas, el edil orador estableci\u00f3 que no fue su intensi\u00f3n hacer de este acto una retorica de rutina, sino hacer un llamado para convertir la ocasi\u00f3n en la reflexi\u00f3n de la importancia de la coordinaci\u00f3n de esfuerzos y voluntades para hacer frente a las realidades del Michoac\u00e1n de hoy.<\/p>\n<p>Y en este sentido agreg\u00f3 que en el M\u00e9xico del presente, los enemigos de la sociedad tienen otros nombres pero causan da\u00f1o al igual que los enemigos de Matamoros del siglo XIX, se trata dijo de la corrupci\u00f3n, la injusticia y la pobreza.<\/p>\n<p>Por ello remat\u00f3 manifestando, \u201cinvito a quienes tenemos la obligaci\u00f3n de servir a los ciudadanos, para que no ignoremos la realidad y actuemos r\u00e1pido y\u00a0\u00a0coordinados para recordar a nuestros h\u00e9roes ca\u00eddos, asumiendo compromisos serios de trabajo tendientes a reconstruir el tejido social que cada d\u00eda se desgarra tr\u00e1gicamente frente a nosotros\u201d.<\/p>\n","protected":false},"excerpt":{"rendered":"<p>Desde esta capital y en el marco del CXCIX aniversario luctuoso de Don Mariano Matamoros, el Jefe de la Comuna de Turicato, Salvador Barrera Medrano, hizo un llamado a todos los michoacanos \u201ca sumar voluntades haciendo un lado convicciones ideol\u00f3gicas y nos pongamos la misma camiseta para juntos, solucionar los grandes rezagos sociales que laceran a nuestra gente; los problemas del pueblo son problemas de todos y la pobreza no tiene partido ni convicciones religiosas; coordinados debemos reconstruir el tejido social\u201d.<\/p>\n","protected":false},"author":1,"featured_media":0,"comment_status":"open","ping_status":"open","sticky":false,"template":"","format":"standard","meta":{"footnotes":""},"categories":[9],"tags":[],"class_list":["post-1136","post","type-post","status-publish","format-standard","hentry","category-morelia"],"_links":{"self":[{"href":"https:\/\/radiowebmx.com\/nota\/wp-json\/wp\/v2\/posts\/1136","targetHints":{"allow":["GET"]}}],"collection":[{"href":"https:\/\/radiowebmx.com\/nota\/wp-json\/wp\/v2\/posts"}],"about":[{"href":"https:\/\/radiowebmx.com\/nota\/wp-json\/wp\/v2\/types\/post"}],"author":[{"embeddable":true,"href":"https:\/\/radiowebmx.com\/nota\/wp-json\/wp\/v2\/users\/1"}],"replies":[{"embeddable":true,"href":"https:\/\/radiowebmx.com\/nota\/wp-json\/wp\/v2\/comments?post=1136"}],"version-history":[{"count":1,"href":"https:\/\/radiowebmx.com\/nota\/wp-json\/wp\/v2\/posts\/1136\/revisions"}],"predecessor-version":[{"id":1137,"href":"https:\/\/radiowebmx.com\/nota\/wp-json\/wp\/v2\/posts\/1136\/revisions\/1137"}],"wp:attachment":[{"href":"https:\/\/radiowebmx.com\/nota\/wp-json\/wp\/v2\/media?parent=1136"}],"wp:term":[{"taxonomy":"category","embeddable":true,"href":"https:\/\/radiowebmx.com\/nota\/wp-json\/wp\/v2\/categories?post=1136"},{"taxonomy":"post_tag","embeddable":true,"href":"https:\/\/radiowebmx.com\/nota\/wp-json\/wp\/v2\/tags?post=1136"}],"curies":[{"name":"wp","href":"https:\/\/api.w.org\/{rel}","templated":true}]}}