{"id":11332,"date":"2014-11-10T11:14:39","date_gmt":"2014-11-10T17:14:39","guid":{"rendered":"https:\/\/radiowebmx.com\/nota\/?p=11332"},"modified":"2014-11-10T11:14:39","modified_gmt":"2014-11-10T17:14:39","slug":"reciben-informacion-y-servicios-5-mil-personas-en-sexta-feria-de-atencion-integral-en-morelia","status":"publish","type":"post","link":"https:\/\/radiowebmx.com\/nota\/reciben-informacion-y-servicios-5-mil-personas-en-sexta-feria-de-atencion-integral-en-morelia\/","title":{"rendered":"RECIBEN INFORMACI\u00d3N Y SERVICIOS 5 MIL PERSONAS EN SEXTA FERIA DE ATENCI\u00d3N INTEGRAL EN MORELIA"},"content":{"rendered":"<p><a href=\"https:\/\/radiowebmx.com\/nota\/wp-content\/uploads\/2014\/11\/DSC_4987.jpg\"><img loading=\"lazy\" decoding=\"async\" class=\"alignleft size-full wp-image-11333\" alt=\"DSC_4987\" src=\"https:\/\/radiowebmx.com\/nota\/wp-content\/uploads\/2014\/11\/DSC_4987.jpg\" width=\"591\" height=\"299\" srcset=\"https:\/\/radiowebmx.com\/nota\/wp-content\/uploads\/2014\/11\/DSC_4987.jpg 591w, https:\/\/radiowebmx.com\/nota\/wp-content\/uploads\/2014\/11\/DSC_4987-300x151.jpg 300w\" sizes=\"auto, (max-width: 591px) 100vw, 591px\" \/><\/a>M\u00e1s de 5 mil personas pudieron acceder a los programas y servicios de 48 dependencias de los tres niveles de gobierno que participaron en la sexta Feria de Atenci\u00f3n Integral que se realiz\u00f3 en Morelia, encabezada por el subsecretario de Prevenci\u00f3n del Delito y Participaci\u00f3n Ciudadana de la Secretar\u00eda de Gobernaci\u00f3n, Roberto Campa Cifri\u00e1n, y el secretario de Gobierno del estado de Michoac\u00e1n, Jaime Dar\u00edo Oseguera M\u00e9ndez.<\/p>\n<p>Al presidir este evento que se realiz\u00f3 en la Plaza Centenario de la Revoluci\u00f3n, en la colonia Primo Tapia Oriente, \u00a0Roberto Campa Cifri\u00e1n subray\u00f3 que las ferias han sido un \u00e9xito no s\u00f3lo porque son una muestra clara del trabajo coordinado entre los gobiernos federal, estatal y municipal, sino por la proximidad que se ha logrado con la ciudadan\u00eda para darle a conocer los beneficios gubernamentales a los que pueden acceder.<\/p>\n<p>&#8220;Hemos dise\u00f1ado un plan de seguimiento, cada gesti\u00f3n que hagan en las secretar\u00edas va a tener seguimiento; la instrucci\u00f3n que hemos tenido del presidente de la Rep\u00fablica Enrique Pe\u00f1a Nieto, no es solo acercar los servicios a la gente, sino \u00a0hacer un esfuerzo para cumplirle y \u00a0atender sus necesidades. Es por ello que estamos aqu\u00ed&#8221;, recalc\u00f3.<\/p>\n<p>En su mensaje, el secretario de Gobierno de Michoac\u00e1n, Jaime Dar\u00edo Oseguera M\u00e9ndez, tambi\u00e9n en presencia de la directora del DIF Michoac\u00e1n, Mariana Sosa Olmeda, puntualiz\u00f3 que este tipo de acciones coordinadas tienen el prop\u00f3sito de acercarse a la ciudadan\u00eda, y que todas las personas que se acerquen &#8220;no se vayan con las manos vac\u00edas, que sean atendidas y regresen a sus hogares satisfechos con los apoyos recibidos; esta es una clara muestra del compromiso del gobierno federal y el de Michoac\u00e1n, y Morelia&#8221;.<\/p>\n<p>Esta es la segunda ocasi\u00f3n que la Feria de Atenci\u00f3n Integral se realiza en Morelia; no obstante, se ha realizado tambi\u00e9n en Apatzing\u00e1n, \u00a0L\u00e1zaro C\u00e1rdenas, Uruapan y Los Reyes, con el prop\u00f3sito de acercar a la sociedad los servicios p\u00fablicos y programas sociales de las 31 dependencias federales que participaron, adem\u00e1s de 7 estatales y 10 municipales.<\/p>\n<p>Ante funcionarios de los tres niveles de gobierno y delegados del gobierno federal, el presidente municipal de Morelia, Wilfrido L\u00e1zaro Medina, detall\u00f3 que el gobierno municipal busca las formas de coadyuvar con las acciones del gobierno de la Rep\u00fablica, y trabajar de la mano con el estado para servir mejor a los morelianos. En su intervenci\u00f3n, el secretario de Seguridad P\u00fablica estatal, Carlos Hugo Castellanos Becerra, afirm\u00f3 que han comenzado a desaparecer los problemas de inseguridad que se viv\u00edan en la colonia Primo Tapia Oriente y alrededores.<\/p>\n<p>Recalc\u00f3 que no ceder\u00e1n en los esfuerzos por brindar seguridad a los ciudadanos y \u00a0combatir la impunidad, por lo que pidi\u00f3 a la ciudadan\u00eda mantener la confianza en las instituciones de seguridad y denunciar los hechos delictivos.<\/p>\n<p>El gobierno federal estuvo representado en la feria por dependencias como la Secretar\u00eda de Econom\u00eda, Secretar\u00eda de Educaci\u00f3n P\u00fablica, Procuradur\u00eda Federal del Consumidor, Servicio Nacional del Empleo, SAGARPA, SEDESOL, IMSS, ISSSTE, CFE, SEMARNAT, y SCT, por mencionar algunas.<\/p>\n<p>El Gobierno de Michoac\u00e1n particip\u00f3 con el Sistema DIF, Secretar\u00eda de Salud, Secretar\u00eda de Pol\u00edtica Social, de la Mujer, de Seguridad P\u00fablica, de los J\u00f3venes, Servicio Estatal del Empleo, entre otras; mientras que por el municipio de Morelia acudieron la Secretar\u00eda de Desarrollo Social, Fomento Econ\u00f3mico, Servicios P\u00fablicos Municipales y la Direcci\u00f3n de Enlace Ciudadano.<\/p>\n<p>En la Plaza Centenario de la Revoluci\u00f3n se prestaron servicios a los ciudadanos en salud, pudieron realizar tr\u00e1mites para obtener su tarjeta Liconsa, y fueron entregadas \u00a0despensas. Adem\u00e1s, en la feria se difundi\u00f3 informaci\u00f3n educativa, de salud, y referente a la prevenci\u00f3n del delito, la drogadicci\u00f3n, sexualidad, y apoyos sociales.<\/p>\n","protected":false},"excerpt":{"rendered":"<p>M\u00e1s de 5 mil personas pudieron acceder a los programas y servicios de 48 dependencias de los tres niveles de gobierno que participaron en la sexta Feria de Atenci\u00f3n Integral que se realiz\u00f3 en Morelia,<\/p>\n","protected":false},"author":1,"featured_media":11333,"comment_status":"open","ping_status":"open","sticky":false,"template":"","format":"standard","meta":{"footnotes":""},"categories":[14,3],"tags":[],"class_list":["post-11332","post","type-post","status-publish","format-standard","has-post-thumbnail","hentry","category-destacadas","category-gobierno-del-estado-de-michoacan"],"_links":{"self":[{"href":"https:\/\/radiowebmx.com\/nota\/wp-json\/wp\/v2\/posts\/11332","targetHints":{"allow":["GET"]}}],"collection":[{"href":"https:\/\/radiowebmx.com\/nota\/wp-json\/wp\/v2\/posts"}],"about":[{"href":"https:\/\/radiowebmx.com\/nota\/wp-json\/wp\/v2\/types\/post"}],"author":[{"embeddable":true,"href":"https:\/\/radiowebmx.com\/nota\/wp-json\/wp\/v2\/users\/1"}],"replies":[{"embeddable":true,"href":"https:\/\/radiowebmx.com\/nota\/wp-json\/wp\/v2\/comments?post=11332"}],"version-history":[{"count":1,"href":"https:\/\/radiowebmx.com\/nota\/wp-json\/wp\/v2\/posts\/11332\/revisions"}],"predecessor-version":[{"id":11334,"href":"https:\/\/radiowebmx.com\/nota\/wp-json\/wp\/v2\/posts\/11332\/revisions\/11334"}],"wp:featuredmedia":[{"embeddable":true,"href":"https:\/\/radiowebmx.com\/nota\/wp-json\/wp\/v2\/media\/11333"}],"wp:attachment":[{"href":"https:\/\/radiowebmx.com\/nota\/wp-json\/wp\/v2\/media?parent=11332"}],"wp:term":[{"taxonomy":"category","embeddable":true,"href":"https:\/\/radiowebmx.com\/nota\/wp-json\/wp\/v2\/categories?post=11332"},{"taxonomy":"post_tag","embeddable":true,"href":"https:\/\/radiowebmx.com\/nota\/wp-json\/wp\/v2\/tags?post=11332"}],"curies":[{"name":"wp","href":"https:\/\/api.w.org\/{rel}","templated":true}]}}