{"id":11299,"date":"2014-11-07T16:33:54","date_gmt":"2014-11-07T22:33:54","guid":{"rendered":"https:\/\/radiowebmx.com\/nota\/?p=11299"},"modified":"2014-11-07T16:33:54","modified_gmt":"2014-11-07T22:33:54","slug":"izan-bandera-nacional-en-la-plaza-de-la-hermandad","status":"publish","type":"post","link":"https:\/\/radiowebmx.com\/nota\/izan-bandera-nacional-en-la-plaza-de-la-hermandad\/","title":{"rendered":"IZAN BANDERA NACIONAL EN LA PLAZA DE LA HERMANDAD"},"content":{"rendered":"<p><a href=\"https:\/\/radiowebmx.com\/nota\/wp-content\/uploads\/2014\/11\/bandera-30.jpg\"><img loading=\"lazy\" decoding=\"async\" class=\"alignleft size-full wp-image-11300\" alt=\"bandera (30)\" src=\"https:\/\/radiowebmx.com\/nota\/wp-content\/uploads\/2014\/11\/bandera-30.jpg\" width=\"591\" height=\"257\" srcset=\"https:\/\/radiowebmx.com\/nota\/wp-content\/uploads\/2014\/11\/bandera-30.jpg 591w, https:\/\/radiowebmx.com\/nota\/wp-content\/uploads\/2014\/11\/bandera-30-300x130.jpg 300w\" sizes=\"auto, (max-width: 591px) 100vw, 591px\" \/><\/a>Con el compromiso de\u00a0 cubrir de oro\u00a0 a M\u00e9xico coloc\u00e1ndolo\u00a0 en los primeros sitios del 7\u00ba Campeonato Mundial de Nataci\u00f3n para Personas Con S\u00edndrome de Down, la delegaci\u00f3n mexicana de j\u00f3venes que competir\u00e1n en esta justa iz\u00f3 la bandera nacional en el asta central\u00a0 de la Plaza de la Hermandad, ubicada en el Complejo Deportivo Indeco, de esta ciudad capital.<\/p>\n<p>&nbsp;<\/p>\n<p>Motivados por la hospitalidad, apoyo y cari\u00f1o que los morelianos han brindado desde su arribo a esta ciudad, j\u00f3venes provenientes de diversos estados del pa\u00eds, ya se encuentran a unas horas de competir y buscar la tan ansiosa medalla de oro o superar los r\u00e9cords oficiales en cada una de sus disciplinas.<\/p>\n<p>&nbsp;<\/p>\n<p>La regidora Sara\u00ed Cort\u00e9s Ru\u00edz, presidenta de la Comisi\u00f3n de Apoyo a Grupos Vulnerables y adultos mayores del Cabildo de Morelia, fue la encargada de izar la bandera nacional y compartir un mensaje de motivaci\u00f3n y orgullo a la delegaci\u00f3n mexicana de nadadores.<\/p>\n<p>&nbsp;<\/p>\n<p>La regidora expres\u00f3 que para Morelia \u201ctodos ustedes son unos verdaderos campeones\u201d y no s\u00f3lo por destacar en la nataci\u00f3n, sino por demostrar fuerza y voluntad ante todas las adversidades.<\/p>\n<p>&nbsp;<\/p>\n<p>En reconocimiento a sus esfuerzos por competir ante grandes nadadores de todo el mundo, la regidora entreg\u00f3 obsequios a los integrantes de la delegaci\u00f3n nacional.<\/p>\n<p>&nbsp;<\/p>\n<p>A unas horas de arrancar el evento deportivo, la directora del Cecufid, Ruth Huipe Estrada, reconoci\u00f3 el trabajo que ha emprendido el presidente municipal de Morelia, Wilfrido L\u00e1zaro Medina, \u201cresaltamos el trabajo de equipo que a partir del Ayuntamiento, gracias al liderazgo del alcalde, se ha alcanzado para hacer de este evento todo un \u00e9xito\u201d.<\/p>\n<p>&nbsp;<\/p>\n<p>El alcalde de la comuna recibi\u00f3 tambi\u00e9n un especial reconocimiento por parte de Jos\u00e9 Antonio Melesio, representante de la Delegaci\u00f3n Mexicana de Nadadores con S\u00edndrome de Down, por la calidez del comit\u00e9 organizador y por permitir que la sede fuera en una ciudad mexicana.<\/p>\n<p>&nbsp;<\/p>\n<p>Margartia Oribio de L\u00e1zaro, presidenta del DIF Morelia, consinti\u00f3 a la delegaci\u00f3n mexicana con un obsequio con paquetes de dulces regionales y ates morelianos.<\/p>\n<p>&nbsp;<\/p>\n<p>En tanto, el presidente municipal, L\u00e1zaro Medina, entreg\u00f3 al director del Instituto de la Juventud Moreliana, Pablo C\u00e9sar S\u00e1nchez Silva, \u00a0el nombramiento como jefe de la Misi\u00f3n del Programa M\u00e9xico en Acci\u00f3n<\/p>\n","protected":false},"excerpt":{"rendered":"<p>Con el compromiso de  cubrir de oro  a M\u00e9xico coloc\u00e1ndolo  en los primeros sitios del 7\u00ba Campeonato Mundial de Nataci\u00f3n para Personas Con S\u00edndrome de Down, la delegaci\u00f3n mexicana de j\u00f3venes que competir\u00e1n en esta justa iz\u00f3 la bandera nacional en el asta central  de la Plaza de la Hermandad, <\/p>\n","protected":false},"author":1,"featured_media":11300,"comment_status":"open","ping_status":"open","sticky":false,"template":"","format":"standard","meta":{"footnotes":""},"categories":[14,9],"tags":[],"class_list":["post-11299","post","type-post","status-publish","format-standard","has-post-thumbnail","hentry","category-destacadas","category-morelia"],"_links":{"self":[{"href":"https:\/\/radiowebmx.com\/nota\/wp-json\/wp\/v2\/posts\/11299","targetHints":{"allow":["GET"]}}],"collection":[{"href":"https:\/\/radiowebmx.com\/nota\/wp-json\/wp\/v2\/posts"}],"about":[{"href":"https:\/\/radiowebmx.com\/nota\/wp-json\/wp\/v2\/types\/post"}],"author":[{"embeddable":true,"href":"https:\/\/radiowebmx.com\/nota\/wp-json\/wp\/v2\/users\/1"}],"replies":[{"embeddable":true,"href":"https:\/\/radiowebmx.com\/nota\/wp-json\/wp\/v2\/comments?post=11299"}],"version-history":[{"count":1,"href":"https:\/\/radiowebmx.com\/nota\/wp-json\/wp\/v2\/posts\/11299\/revisions"}],"predecessor-version":[{"id":11301,"href":"https:\/\/radiowebmx.com\/nota\/wp-json\/wp\/v2\/posts\/11299\/revisions\/11301"}],"wp:featuredmedia":[{"embeddable":true,"href":"https:\/\/radiowebmx.com\/nota\/wp-json\/wp\/v2\/media\/11300"}],"wp:attachment":[{"href":"https:\/\/radiowebmx.com\/nota\/wp-json\/wp\/v2\/media?parent=11299"}],"wp:term":[{"taxonomy":"category","embeddable":true,"href":"https:\/\/radiowebmx.com\/nota\/wp-json\/wp\/v2\/categories?post=11299"},{"taxonomy":"post_tag","embeddable":true,"href":"https:\/\/radiowebmx.com\/nota\/wp-json\/wp\/v2\/tags?post=11299"}],"curies":[{"name":"wp","href":"https:\/\/api.w.org\/{rel}","templated":true}]}}