{"id":11276,"date":"2014-11-07T15:34:19","date_gmt":"2014-11-07T21:34:19","guid":{"rendered":"https:\/\/radiowebmx.com\/nota\/?p=11276"},"modified":"2014-11-07T15:34:19","modified_gmt":"2014-11-07T21:34:19","slug":"participantes-de-senorita-expo-rural-afinan-ultimos-detalles","status":"publish","type":"post","link":"https:\/\/radiowebmx.com\/nota\/participantes-de-senorita-expo-rural-afinan-ultimos-detalles\/","title":{"rendered":"Participantes de Se\u00f1orita Expo Rural afinan \u00faltimos detalles"},"content":{"rendered":"<p><a href=\"https:\/\/radiowebmx.com\/nota\/wp-content\/uploads\/2014\/11\/DSCF0666-Desktop-Resolution.jpg\"><img loading=\"lazy\" decoding=\"async\" class=\"alignleft size-full wp-image-11277\" alt=\"DSCF0666 [Desktop Resolution]\" src=\"https:\/\/radiowebmx.com\/nota\/wp-content\/uploads\/2014\/11\/DSCF0666-Desktop-Resolution.jpg\" width=\"591\" height=\"241\" srcset=\"https:\/\/radiowebmx.com\/nota\/wp-content\/uploads\/2014\/11\/DSCF0666-Desktop-Resolution.jpg 591w, https:\/\/radiowebmx.com\/nota\/wp-content\/uploads\/2014\/11\/DSCF0666-Desktop-Resolution-300x122.jpg 300w\" sizes=\"auto, (max-width: 591px) 100vw, 591px\" \/><\/a>Las participantes al \u00a0t\u00edtulo de Se\u00f1orita Expo Rural 2014 ajustan los \u00faltimos detalles de su participaci\u00f3n en el evento, donde har\u00e1n gala de su\u00a0\u00a0belleza y preparaci\u00f3n, se\u00f1al\u00f3 la directora de Desarrollo Rural de la Secretar\u00eda de Fomento Econ\u00f3mico, Claudia L\u00e1zaro.<\/p>\n<p>&nbsp;<\/p>\n<p>Asimismo, dijo que el pr\u00f3ximo s\u00e1bado se celebrar\u00e1 el certamen Se\u00f1orita Expo Rural 2014, que representar\u00e1 al sector rural en la gran fiesta programada del 21 al 23 de noviembre de este a\u00f1o, con un total de 13 j\u00f3venes que\u00a0 participan en este concurso en el que han recibido instrucci\u00f3n art\u00edstica, cultural y de informaci\u00f3n general sobre cada una de las tenencias del municipio de Morelia.<\/p>\n<p>&nbsp;<\/p>\n<p>Claudia L\u00e1zaro refiri\u00f3 que el certamen se desarrollar\u00e1 en tres etapas: traje vaquero, vestido de coctel y, para cerrar con broche de oro, traje de noche.<\/p>\n<p><b>\u00a0<\/b><\/p>\n<p>La funcionaria se\u00f1al\u00f3 que el concurso tiene el objetivo principal de promover las riquezas naturales que existen en cada una de las comunidades y tenencias de la capital michoacana, y\u00a0resalt\u00f3 que habr\u00e1 una selecci\u00f3n pasarela en la que se elegir\u00e1 a la reina, princesa y\u00a0se\u00f1orita fotogenia.<\/p>\n<p>Adem\u00e1s,\u00a0la ganadora de la corona recibir\u00e1 cinco mil pesos en efectivo; la princesa segunda y el tercer lugar, cuatro mil y tres mil pesos, respectivamente; asimismo, las tres ganadoras recibir\u00e1n un reconocimiento por su participaci\u00f3n en el evento.<\/p>\n<p>&nbsp;<\/p>\n<p>Claudia L\u00e1zaro invit\u00f3 a todos los morelianos a participar en esta gran fiesta que se realizar\u00e1 el 8 de noviembre, a partir de las 16:30 horas en Palacio Municipal, evento al que asistir\u00e1n los jefes de tenencia, familiares de las chicas participantes, as\u00ed como funcionarios municipales.<\/p>\n<p>&nbsp;<\/p>\n<p>&nbsp;<\/p>\n<p>Finalmente, la directora de Desarrollo Rural subray\u00f3 que la Expo Rural se har\u00e1 del 22 al 24 de noviembre en el Centro de Acopio Ganadero, en la comunidad de San Rafael Coapa y que es la fiesta m\u00e1s esperada para los agricultores y ganaderos de Morelia, ya que ah\u00ed se concentran grandes oportunidades para seguir haciendo un \u201cMorelia Rural\u201d con grandes perspectivas de crecimiento en estas actividades productivas.<\/p>\n","protected":false},"excerpt":{"rendered":"<p>Las participantes al  t\u00edtulo de Se\u00f1orita Expo Rural 2014 ajustan los \u00faltimos detalles de su participaci\u00f3n en el evento, donde har\u00e1n gala de su  belleza y preparaci\u00f3n, se\u00f1al\u00f3 la directora de Desarrollo Rural de la Secretar\u00eda de Fomento Econ\u00f3mico, Claudia L\u00e1zaro.<\/p>\n","protected":false},"author":1,"featured_media":11277,"comment_status":"open","ping_status":"open","sticky":false,"template":"","format":"standard","meta":{"footnotes":""},"categories":[14,9],"tags":[],"class_list":["post-11276","post","type-post","status-publish","format-standard","has-post-thumbnail","hentry","category-destacadas","category-morelia"],"_links":{"self":[{"href":"https:\/\/radiowebmx.com\/nota\/wp-json\/wp\/v2\/posts\/11276","targetHints":{"allow":["GET"]}}],"collection":[{"href":"https:\/\/radiowebmx.com\/nota\/wp-json\/wp\/v2\/posts"}],"about":[{"href":"https:\/\/radiowebmx.com\/nota\/wp-json\/wp\/v2\/types\/post"}],"author":[{"embeddable":true,"href":"https:\/\/radiowebmx.com\/nota\/wp-json\/wp\/v2\/users\/1"}],"replies":[{"embeddable":true,"href":"https:\/\/radiowebmx.com\/nota\/wp-json\/wp\/v2\/comments?post=11276"}],"version-history":[{"count":1,"href":"https:\/\/radiowebmx.com\/nota\/wp-json\/wp\/v2\/posts\/11276\/revisions"}],"predecessor-version":[{"id":11278,"href":"https:\/\/radiowebmx.com\/nota\/wp-json\/wp\/v2\/posts\/11276\/revisions\/11278"}],"wp:featuredmedia":[{"embeddable":true,"href":"https:\/\/radiowebmx.com\/nota\/wp-json\/wp\/v2\/media\/11277"}],"wp:attachment":[{"href":"https:\/\/radiowebmx.com\/nota\/wp-json\/wp\/v2\/media?parent=11276"}],"wp:term":[{"taxonomy":"category","embeddable":true,"href":"https:\/\/radiowebmx.com\/nota\/wp-json\/wp\/v2\/categories?post=11276"},{"taxonomy":"post_tag","embeddable":true,"href":"https:\/\/radiowebmx.com\/nota\/wp-json\/wp\/v2\/tags?post=11276"}],"curies":[{"name":"wp","href":"https:\/\/api.w.org\/{rel}","templated":true}]}}